{"id":785,"date":"2025-04-01T17:46:12","date_gmt":"2025-04-01T17:46:12","guid":{"rendered":"https:\/\/life.itu.int\/retraites\/?p=785"},"modified":"2026-02-18T17:53:43","modified_gmt":"2026-02-18T17:53:43","slug":"senegal","status":"publish","type":"post","link":"https:\/\/life.itu.int\/retraites\/senegal\/","title":{"rendered":"S\u00e9n\u00e9gal"},"content":{"rendered":"","protected":false},"excerpt":{"rendered":"","protected":false},"author":17,"featured_media":817,"comment_status":"open","ping_status":"open","sticky":false,"template":"","format":"standard","meta":{"footnotes":""},"categories":[10,9],"tags":[31,52],"class_list":["post-785","post","type-post","status-publish","format-standard","post-password-required","hentry","category-membre","category-loisirs","tag-activites","tag-voyages","rcp-is-restricted","rcp-no-access"],"yoast_head":"<!-- This site is optimized with the Yoast SEO plugin v27.5 - https:\/\/yoast.com\/product\/yoast-seo-wordpress\/ -->\n<title>S\u00e9n\u00e9gal - Association des anciens fonctionnaires de l\u2019Union Internationale des T\u00e9l\u00e9communications<\/title>\n<meta name=\"description\" content=\"Chers coll\u00e8gues retrait\u00e9s, depuis mon entr\u00e9e dans\u00a0 l\u2019association il y a 6 ans, je vis 2 passions que sont la danse et les voyages. J\u2019ai pas mal parcouru le globe ces derni\u00e8res ann\u00e9es et si vous avez envie de vous \u00e9vader depuis votre fauteuil ou de trouver des destinations pour vos futures escapades, ou pourquoi pas de rajeunir vos souvenirs, je me propose de partager mes exp\u00e9riences avec vous, par le biais de ce magnifique nouveau site mis \u00e0 notre disposition\" \/>\n<meta name=\"robots\" content=\"index, follow, max-snippet:-1, max-image-preview:large, max-video-preview:-1\" \/>\n<link rel=\"canonical\" href=\"https:\/\/life.itu.int\/retraites\/senegal\/\" \/>\n<meta property=\"og:locale\" content=\"fr_FR\" \/>\n<meta property=\"og:type\" content=\"article\" \/>\n<meta property=\"og:title\" content=\"S\u00e9n\u00e9gal - Association des anciens fonctionnaires de l\u2019Union Internationale des T\u00e9l\u00e9communications\" \/>\n<meta property=\"og:description\" content=\"Chers coll\u00e8gues retrait\u00e9s, depuis mon entr\u00e9e dans\u00a0 l\u2019association il y a 6 ans, je vis 2 passions que sont la danse et les voyages. J\u2019ai pas mal parcouru le globe ces derni\u00e8res ann\u00e9es et si vous avez envie de vous \u00e9vader depuis votre fauteuil ou de trouver des destinations pour vos futures escapades, ou pourquoi pas de rajeunir vos souvenirs, je me propose de partager mes exp\u00e9riences avec vous, par le biais de ce magnifique nouveau site mis \u00e0 notre disposition\" \/>\n<meta property=\"og:url\" content=\"https:\/\/life.itu.int\/retraites\/senegal\/\" \/>\n<meta property=\"og:site_name\" content=\"Association des anciens fonctionnaires de l\u2019Union Internationale des T\u00e9l\u00e9communications\" \/>\n<meta property=\"article:published_time\" content=\"2025-04-01T17:46:12+00:00\" \/>\n<meta property=\"article:modified_time\" content=\"2026-02-18T17:53:43+00:00\" \/>\n<meta name=\"author\" content=\"Simon DE NICOLA\" \/>\n<meta name=\"twitter:card\" content=\"summary_large_image\" \/>\n<meta name=\"twitter:label1\" content=\"\u00c9crit par\" \/>\n\t<meta name=\"twitter:data1\" content=\"Simon DE NICOLA\" \/>\n\t<meta name=\"twitter:label2\" content=\"Dur\u00e9e de lecture estim\u00e9e\" \/>\n\t<meta name=\"twitter:data2\" content=\"15 minutes\" \/>\n<script type=\"application\/ld+json\" class=\"yoast-schema-graph\">{\"@context\":\"https:\\\/\\\/schema.org\",\"@graph\":[{\"@type\":\"WebPage\",\"@id\":\"https:\\\/\\\/life.itu.int\\\/retraites\\\/senegal\\\/\",\"url\":\"https:\\\/\\\/life.itu.int\\\/retraites\\\/senegal\\\/\",\"name\":\"S\u00e9n\u00e9gal - Association des anciens fonctionnaires de l\u2019Union Internationale des T\u00e9l\u00e9communications\",\"isPartOf\":{\"@id\":\"https:\\\/\\\/life.itu.int\\\/retraites\\\/#website\"},\"datePublished\":\"2025-04-01T17:46:12+00:00\",\"dateModified\":\"2026-02-18T17:53:43+00:00\",\"breadcrumb\":{\"@id\":\"https:\\\/\\\/life.itu.int\\\/retraites\\\/senegal\\\/#breadcrumb\"},\"inLanguage\":\"fr-FR\"},{\"@type\":\"WebSite\",\"@id\":\"https:\\\/\\\/life.itu.int\\\/retraites\\\/#website\",\"url\":\"https:\\\/\\\/life.itu.int\\\/retraites\\\/\",\"name\":\"Association des anciens fonctionnaires de l\u2019Union Internationale des T\u00e9l\u00e9communications\",\"description\":\"Association des anciens fonctionnaires de l&#039;Union Internationale des T\u00e9l\u00e9communications \u2013 Rester en contact\",\"publisher\":{\"@id\":\"https:\\\/\\\/life.itu.int\\\/retraites\\\/#organization\"},\"potentialAction\":[{\"@type\":\"SearchAction\",\"target\":{\"@type\":\"EntryPoint\",\"urlTemplate\":\"https:\\\/\\\/life.itu.int\\\/retraites\\\/?s={search_term_string}\"},\"query-input\":{\"@type\":\"PropertyValueSpecification\",\"valueRequired\":true,\"valueName\":\"search_term_string\"}}],\"inLanguage\":\"fr-FR\"},{\"@type\":\"Organization\",\"@id\":\"https:\\\/\\\/life.itu.int\\\/retraites\\\/#organization\",\"name\":\"Association des anciens fonctionnaires de l\u2019Union Internationale des T\u00e9l\u00e9communications\",\"url\":\"https:\\\/\\\/life.itu.int\\\/retraites\\\/\",\"logo\":{\"@type\":\"ImageObject\",\"inLanguage\":\"fr-FR\",\"@id\":\"https:\\\/\\\/life.itu.int\\\/retraites\\\/#\\\/schema\\\/logo\\\/image\\\/\",\"url\":\"https:\\\/\\\/life.itu.int\\\/retraites\\\/wp-content\\\/uploads\\\/sites\\\/15\\\/2024\\\/11\\\/cropped-Screenshot-2024-11-20-at-08.41.46.png\",\"contentUrl\":\"https:\\\/\\\/life.itu.int\\\/retraites\\\/wp-content\\\/uploads\\\/sites\\\/15\\\/2024\\\/11\\\/cropped-Screenshot-2024-11-20-at-08.41.46.png\",\"width\":512,\"height\":512,\"caption\":\"Association des anciens fonctionnaires de l\u2019Union Internationale des T\u00e9l\u00e9communications\"},\"image\":{\"@id\":\"https:\\\/\\\/life.itu.int\\\/retraites\\\/#\\\/schema\\\/logo\\\/image\\\/\"}}]}<\/script>\n<!-- \/ Yoast SEO plugin. -->","yoast_head_json":{"title":"S\u00e9n\u00e9gal - Association des anciens fonctionnaires de l\u2019Union Internationale des T\u00e9l\u00e9communications","description":"Chers coll\u00e8gues retrait\u00e9s, depuis mon entr\u00e9e dans\u00a0 l\u2019association il y a 6 ans, je vis 2 passions que sont la danse et les voyages. J\u2019ai pas mal parcouru le globe ces derni\u00e8res ann\u00e9es et si vous avez envie de vous \u00e9vader depuis votre fauteuil ou de trouver des destinations pour vos futures escapades, ou pourquoi pas de rajeunir vos souvenirs, je me propose de partager mes exp\u00e9riences avec vous, par le biais de ce magnifique nouveau site mis \u00e0 notre disposition","robots":{"index":"index","follow":"follow","max-snippet":"max-snippet:-1","max-image-preview":"max-image-preview:large","max-video-preview":"max-video-preview:-1"},"canonical":"https:\/\/life.itu.int\/retraites\/senegal\/","og_locale":"fr_FR","og_type":"article","og_title":"S\u00e9n\u00e9gal - Association des anciens fonctionnaires de l\u2019Union Internationale des T\u00e9l\u00e9communications","og_description":"Chers coll\u00e8gues retrait\u00e9s, depuis mon entr\u00e9e dans\u00a0 l\u2019association il y a 6 ans, je vis 2 passions que sont la danse et les voyages. J\u2019ai pas mal parcouru le globe ces derni\u00e8res ann\u00e9es et si vous avez envie de vous \u00e9vader depuis votre fauteuil ou de trouver des destinations pour vos futures escapades, ou pourquoi pas de rajeunir vos souvenirs, je me propose de partager mes exp\u00e9riences avec vous, par le biais de ce magnifique nouveau site mis \u00e0 notre disposition","og_url":"https:\/\/life.itu.int\/retraites\/senegal\/","og_site_name":"Association des anciens fonctionnaires de l\u2019Union Internationale des T\u00e9l\u00e9communications","article_published_time":"2025-04-01T17:46:12+00:00","article_modified_time":"2026-02-18T17:53:43+00:00","author":"Simon DE NICOLA","twitter_card":"summary_large_image","twitter_misc":{"\u00c9crit par":"Simon DE NICOLA","Dur\u00e9e de lecture estim\u00e9e":"15 minutes"},"schema":{"@context":"https:\/\/schema.org","@graph":[{"@type":"WebPage","@id":"https:\/\/life.itu.int\/retraites\/senegal\/","url":"https:\/\/life.itu.int\/retraites\/senegal\/","name":"S\u00e9n\u00e9gal - Association des anciens fonctionnaires de l\u2019Union Internationale des T\u00e9l\u00e9communications","isPartOf":{"@id":"https:\/\/life.itu.int\/retraites\/#website"},"datePublished":"2025-04-01T17:46:12+00:00","dateModified":"2026-02-18T17:53:43+00:00","breadcrumb":{"@id":"https:\/\/life.itu.int\/retraites\/senegal\/#breadcrumb"},"inLanguage":"fr-FR"},{"@type":"WebSite","@id":"https:\/\/life.itu.int\/retraites\/#website","url":"https:\/\/life.itu.int\/retraites\/","name":"Association des anciens fonctionnaires de l\u2019Union Internationale des T\u00e9l\u00e9communications","description":"Association des anciens fonctionnaires de l&#039;Union Internationale des T\u00e9l\u00e9communications \u2013 Rester en contact","publisher":{"@id":"https:\/\/life.itu.int\/retraites\/#organization"},"potentialAction":[{"@type":"SearchAction","target":{"@type":"EntryPoint","urlTemplate":"https:\/\/life.itu.int\/retraites\/?s={search_term_string}"},"query-input":{"@type":"PropertyValueSpecification","valueRequired":true,"valueName":"search_term_string"}}],"inLanguage":"fr-FR"},{"@type":"Organization","@id":"https:\/\/life.itu.int\/retraites\/#organization","name":"Association des anciens fonctionnaires de l\u2019Union Internationale des T\u00e9l\u00e9communications","url":"https:\/\/life.itu.int\/retraites\/","logo":{"@type":"ImageObject","inLanguage":"fr-FR","@id":"https:\/\/life.itu.int\/retraites\/#\/schema\/logo\/image\/","url":"https:\/\/life.itu.int\/retraites\/wp-content\/uploads\/sites\/15\/2024\/11\/cropped-Screenshot-2024-11-20-at-08.41.46.png","contentUrl":"https:\/\/life.itu.int\/retraites\/wp-content\/uploads\/sites\/15\/2024\/11\/cropped-Screenshot-2024-11-20-at-08.41.46.png","width":512,"height":512,"caption":"Association des anciens fonctionnaires de l\u2019Union Internationale des T\u00e9l\u00e9communications"},"image":{"@id":"https:\/\/life.itu.int\/retraites\/#\/schema\/logo\/image\/"}}]}},"_links":{"self":[{"href":"https:\/\/life.itu.int\/retraites\/wp-json\/wp\/v2\/posts\/785","targetHints":{"allow":["GET"]}}],"collection":[{"href":"https:\/\/life.itu.int\/retraites\/wp-json\/wp\/v2\/posts"}],"about":[{"href":"https:\/\/life.itu.int\/retraites\/wp-json\/wp\/v2\/types\/post"}],"author":[{"embeddable":true,"href":"https:\/\/life.itu.int\/retraites\/wp-json\/wp\/v2\/users\/17"}],"replies":[{"embeddable":true,"href":"https:\/\/life.itu.int\/retraites\/wp-json\/wp\/v2\/comments?post=785"}],"version-history":[{"count":0,"href":"https:\/\/life.itu.int\/retraites\/wp-json\/wp\/v2\/posts\/785\/revisions"}],"wp:featuredmedia":[{"embeddable":true,"href":"https:\/\/life.itu.int\/retraites\/wp-json\/wp\/v2\/media\/817"}],"wp:attachment":[{"href":"https:\/\/life.itu.int\/retraites\/wp-json\/wp\/v2\/media?parent=785"}],"wp:term":[{"taxonomy":"category","embeddable":true,"href":"https:\/\/life.itu.int\/retraites\/wp-json\/wp\/v2\/categories?post=785"},{"taxonomy":"post_tag","embeddable":true,"href":"https:\/\/life.itu.int\/retraites\/wp-json\/wp\/v2\/tags?post=785"}],"curies":[{"name":"wp","href":"https:\/\/api.w.org\/{rel}","templated":true}]}}