{"id":499,"date":"2025-01-13T14:14:34","date_gmt":"2025-01-13T14:14:34","guid":{"rendered":"https:\/\/life.itu.int\/retraites\/?p=499"},"modified":"2026-02-18T17:55:00","modified_gmt":"2026-02-18T17:55:00","slug":"les-160-ans-de-luit","status":"publish","type":"post","link":"https:\/\/life.itu.int\/retraites\/les-160-ans-de-luit\/","title":{"rendered":"Les 160 ans de l&rsquo;UIT"},"content":{"rendered":"\n<p>L&rsquo;Union internationale des t\u00e9l\u00e9communications (UIT) c\u00e9l\u00e8bre son 160e anniversaire en 2025. <\/p>\n\n\n\n<p>Visualisez la <a href=\"https:\/\/www.youtube.com\/watch?v=qQso46qdCVU\" target=\"_blank\" rel=\"noreferrer noopener\">vid\u00e9o<\/a> qui c\u00e9l\u00e8bre la nouvelle ann\u00e9e ou visitez le <a href=\"https:\/\/www.itu.int\/160\/#\/fr\" target=\"_blank\" rel=\"noreferrer noopener\">site web<\/a> cr\u00e9\u00e9 sp\u00e9cialement pour c\u00e9l\u00e9brer les 160 ans de l&rsquo;Union. Vous pouvez \u00e9galement vous balader \u00e0 travers les <a href=\"https:\/\/www.itu.int\/hub\/2024\/12\/our-archives-video-spotlight-series-on-itus-history\/#\/fr\" target=\"_blank\" rel=\"noreferrer noopener\">archives<\/a> pour revivre les \u00e9l\u00e9ments fondateurs de l&rsquo;organisation ou encore consulter le <a href=\"https:\/\/www.itu.int\/160\/celebrate-with-us\/events\/\" target=\"_blank\" rel=\"noreferrer noopener\">calendrier<\/a> des c\u00e9l\u00e9brations.<\/p>\n\n\n\n<figure class=\"wp-block-image size-full\"><img loading=\"lazy\" decoding=\"async\" width=\"850\" height=\"575\" src=\"https:\/\/life.itu.int\/retraites\/wp-content\/uploads\/sites\/15\/2025\/01\/Screenshot-2025-01-07-at-20.01.58.png\" alt=\"\" class=\"wp-image-501\" srcset=\"https:\/\/life.itu.int\/retraites\/wp-content\/uploads\/sites\/15\/2025\/01\/Screenshot-2025-01-07-at-20.01.58.png 850w, https:\/\/life.itu.int\/retraites\/wp-content\/uploads\/sites\/15\/2025\/01\/Screenshot-2025-01-07-at-20.01.58-300x203.png 300w, https:\/\/life.itu.int\/retraites\/wp-content\/uploads\/sites\/15\/2025\/01\/Screenshot-2025-01-07-at-20.01.58-768x520.png 768w\" sizes=\"auto, (max-width: 850px) 100vw, 850px\" \/><\/figure>\n\n\n\n<figure class=\"wp-block-image size-full\"><img loading=\"lazy\" decoding=\"async\" width=\"20\" height=\"20\" src=\"https:\/\/life.itu.int\/retraites\/wp-content\/uploads\/sites\/15\/2025\/01\/image.png\" alt=\"\" class=\"wp-image-500\"\/><\/figure>\n\n\n\n<p>.<\/p>\n<div class=\"pld-like-dislike-wrap pld-template-1\">\r\n    <div class=\"pld-like-wrap  pld-common-wrap\">\r\n    <a href=\"javascript:void(0)\" class=\"pld-like-trigger pld-like-dislike-trigger  \" title=\"\" data-post-id=\"499\" data-trigger-type=\"like\" data-restriction=\"no\" data-already-liked=\"0\">\r\n                        <i class=\"fas fa-thumbs-up\"><\/i>\r\n                <\/a>\r\n    <span class=\"pld-like-count-wrap pld-count-wrap\">    <\/span>\r\n<\/div><div class=\"pld-dislike-wrap  pld-common-wrap\">\r\n    <a href=\"javascript:void(0)\" class=\"pld-dislike-trigger pld-like-dislike-trigger  \" title=\"\" data-post-id=\"499\" data-trigger-type=\"dislike\" data-restriction=\"no\" data-already-liked=\"0\">\r\n                        <i class=\"fas fa-thumbs-down\"><\/i>\r\n                <\/a>\r\n    <span class=\"pld-dislike-count-wrap pld-count-wrap\"><\/span>\r\n<\/div><\/div>","protected":false},"excerpt":{"rendered":"<p>L&rsquo;Union internationale des t\u00e9l\u00e9communications (UIT) c\u00e9l\u00e8bre son 160e anniversaire en 2025. Visualisez la vid\u00e9o qui c\u00e9l\u00e8bre la nouvelle ann\u00e9e ou visitez le site web cr\u00e9\u00e9 sp\u00e9cialement pour c\u00e9l\u00e9brer les 160 ans de l&rsquo;Union. Vous pouvez \u00e9galement vous balader \u00e0 travers les archives pour revivre les \u00e9l\u00e9ments fondateurs de l&rsquo;organisation ou encore consulter le calendrier des [&hellip;]<\/p>\n","protected":false},"author":15,"featured_media":502,"comment_status":"open","ping_status":"open","sticky":false,"template":"","format":"standard","meta":{"footnotes":""},"categories":[45],"tags":[47,23],"class_list":["post-499","post","type-post","status-publish","format-standard","has-post-thumbnail","hentry","category-news","tag-47","tag-uit"],"yoast_head":"<!-- This site is optimized with the Yoast SEO plugin v27.5 - https:\/\/yoast.com\/product\/yoast-seo-wordpress\/ -->\n<title>Les 160 ans de l&#039;UIT - Association des anciens fonctionnaires de l\u2019Union Internationale des T\u00e9l\u00e9communications<\/title>\n<meta name=\"description\" content=\"L&#039;Union internationale des t\u00e9l\u00e9communications (UIT) c\u00e9l\u00e8bre son 160e anniversaire en 2025.\" \/>\n<meta name=\"robots\" content=\"index, follow, max-snippet:-1, max-image-preview:large, max-video-preview:-1\" \/>\n<link rel=\"canonical\" href=\"https:\/\/life.itu.int\/retraites\/les-160-ans-de-luit\/\" \/>\n<meta property=\"og:locale\" content=\"fr_FR\" \/>\n<meta property=\"og:type\" content=\"article\" \/>\n<meta property=\"og:title\" content=\"Les 160 ans de l&#039;UIT - Association des anciens fonctionnaires de l\u2019Union Internationale des T\u00e9l\u00e9communications\" \/>\n<meta property=\"og:description\" content=\"L&#039;Union internationale des t\u00e9l\u00e9communications (UIT) c\u00e9l\u00e8bre son 160e anniversaire en 2025.\" \/>\n<meta property=\"og:url\" content=\"https:\/\/life.itu.int\/retraites\/les-160-ans-de-luit\/\" \/>\n<meta property=\"og:site_name\" content=\"Association des anciens fonctionnaires de l\u2019Union Internationale des T\u00e9l\u00e9communications\" \/>\n<meta property=\"article:published_time\" content=\"2025-01-13T14:14:34+00:00\" \/>\n<meta property=\"article:modified_time\" content=\"2026-02-18T17:55:00+00:00\" \/>\n<meta property=\"og:image\" content=\"https:\/\/life.itu.int\/retraites\/wp-content\/uploads\/sites\/15\/2025\/01\/Screenshot-2025-01-07-at-20.02.23.png\" \/>\n\t<meta property=\"og:image:width\" content=\"850\" \/>\n\t<meta property=\"og:image:height\" content=\"575\" \/>\n\t<meta property=\"og:image:type\" content=\"image\/png\" \/>\n<meta name=\"author\" content=\"Simon de nicola\" \/>\n<meta name=\"twitter:card\" content=\"summary_large_image\" \/>\n<meta name=\"twitter:label1\" content=\"\u00c9crit par\" \/>\n\t<meta name=\"twitter:data1\" content=\"Simon de nicola\" \/>\n\t<meta name=\"twitter:label2\" content=\"Dur\u00e9e de lecture estim\u00e9e\" \/>\n\t<meta name=\"twitter:data2\" content=\"1 minute\" \/>\n<script type=\"application\/ld+json\" class=\"yoast-schema-graph\">{\"@context\":\"https:\\\/\\\/schema.org\",\"@graph\":[{\"@type\":[\"Article\",\"BlogPosting\"],\"@id\":\"https:\\\/\\\/life.itu.int\\\/retraites\\\/les-160-ans-de-luit\\\/#article\",\"isPartOf\":{\"@id\":\"https:\\\/\\\/life.itu.int\\\/retraites\\\/les-160-ans-de-luit\\\/\"},\"author\":{\"name\":\"Simon de nicola\",\"@id\":\"https:\\\/\\\/life.itu.int\\\/retraites\\\/#\\\/schema\\\/person\\\/66ff94b3c716781777bcc0cb1694a846\"},\"headline\":\"Les 160 ans de l&rsquo;UIT\",\"datePublished\":\"2025-01-13T14:14:34+00:00\",\"dateModified\":\"2026-02-18T17:55:00+00:00\",\"mainEntityOfPage\":{\"@id\":\"https:\\\/\\\/life.itu.int\\\/retraites\\\/les-160-ans-de-luit\\\/\"},\"wordCount\":75,\"commentCount\":0,\"publisher\":{\"@id\":\"https:\\\/\\\/life.itu.int\\\/retraites\\\/#organization\"},\"image\":{\"@id\":\"https:\\\/\\\/life.itu.int\\\/retraites\\\/les-160-ans-de-luit\\\/#primaryimage\"},\"thumbnailUrl\":\"https:\\\/\\\/life.itu.int\\\/retraites\\\/wp-content\\\/uploads\\\/sites\\\/15\\\/2025\\\/01\\\/Screenshot-2025-01-07-at-20.02.23.png\",\"keywords\":[\"160 ans\",\"UIT\"],\"articleSection\":[\"News\"],\"inLanguage\":\"fr-FR\",\"potentialAction\":[{\"@type\":\"CommentAction\",\"name\":\"Comment\",\"target\":[\"https:\\\/\\\/life.itu.int\\\/retraites\\\/les-160-ans-de-luit\\\/#respond\"]}]},{\"@type\":[\"WebPage\",\"ItemPage\"],\"@id\":\"https:\\\/\\\/life.itu.int\\\/retraites\\\/les-160-ans-de-luit\\\/\",\"url\":\"https:\\\/\\\/life.itu.int\\\/retraites\\\/les-160-ans-de-luit\\\/\",\"name\":\"Les 160 ans de l'UIT - Association des anciens fonctionnaires de l\u2019Union Internationale des T\u00e9l\u00e9communications\",\"isPartOf\":{\"@id\":\"https:\\\/\\\/life.itu.int\\\/retraites\\\/#website\"},\"primaryImageOfPage\":{\"@id\":\"https:\\\/\\\/life.itu.int\\\/retraites\\\/les-160-ans-de-luit\\\/#primaryimage\"},\"image\":{\"@id\":\"https:\\\/\\\/life.itu.int\\\/retraites\\\/les-160-ans-de-luit\\\/#primaryimage\"},\"thumbnailUrl\":\"https:\\\/\\\/life.itu.int\\\/retraites\\\/wp-content\\\/uploads\\\/sites\\\/15\\\/2025\\\/01\\\/Screenshot-2025-01-07-at-20.02.23.png\",\"datePublished\":\"2025-01-13T14:14:34+00:00\",\"dateModified\":\"2026-02-18T17:55:00+00:00\",\"description\":\"L'Union internationale des t\u00e9l\u00e9communications (UIT) c\u00e9l\u00e8bre son 160e anniversaire en 2025.\",\"breadcrumb\":{\"@id\":\"https:\\\/\\\/life.itu.int\\\/retraites\\\/les-160-ans-de-luit\\\/#breadcrumb\"},\"inLanguage\":\"fr-FR\",\"potentialAction\":[{\"@type\":\"ReadAction\",\"target\":[\"https:\\\/\\\/life.itu.int\\\/retraites\\\/les-160-ans-de-luit\\\/\"]}]},{\"@type\":\"ImageObject\",\"inLanguage\":\"fr-FR\",\"@id\":\"https:\\\/\\\/life.itu.int\\\/retraites\\\/les-160-ans-de-luit\\\/#primaryimage\",\"url\":\"https:\\\/\\\/life.itu.int\\\/retraites\\\/wp-content\\\/uploads\\\/sites\\\/15\\\/2025\\\/01\\\/Screenshot-2025-01-07-at-20.02.23.png\",\"contentUrl\":\"https:\\\/\\\/life.itu.int\\\/retraites\\\/wp-content\\\/uploads\\\/sites\\\/15\\\/2025\\\/01\\\/Screenshot-2025-01-07-at-20.02.23.png\",\"width\":850,\"height\":575,\"caption\":\"160 Years of ITU\"},{\"@type\":\"BreadcrumbList\",\"@id\":\"https:\\\/\\\/life.itu.int\\\/retraites\\\/les-160-ans-de-luit\\\/#breadcrumb\",\"itemListElement\":[{\"@type\":\"ListItem\",\"position\":1,\"name\":\"Accueil\",\"item\":\"https:\\\/\\\/life.itu.int\\\/retraites\\\/\"},{\"@type\":\"ListItem\",\"position\":2,\"name\":\"Les 160 ans de l&rsquo;UIT\"}]},{\"@type\":\"WebSite\",\"@id\":\"https:\\\/\\\/life.itu.int\\\/retraites\\\/#website\",\"url\":\"https:\\\/\\\/life.itu.int\\\/retraites\\\/\",\"name\":\"Association des anciens fonctionnaires de l\u2019Union Internationale des T\u00e9l\u00e9communications\",\"description\":\"Association des anciens fonctionnaires de l&#039;Union Internationale des T\u00e9l\u00e9communications \u2013 Rester en contact\",\"publisher\":{\"@id\":\"https:\\\/\\\/life.itu.int\\\/retraites\\\/#organization\"},\"potentialAction\":[{\"@type\":\"SearchAction\",\"target\":{\"@type\":\"EntryPoint\",\"urlTemplate\":\"https:\\\/\\\/life.itu.int\\\/retraites\\\/?s={search_term_string}\"},\"query-input\":{\"@type\":\"PropertyValueSpecification\",\"valueRequired\":true,\"valueName\":\"search_term_string\"}}],\"inLanguage\":\"fr-FR\"},{\"@type\":\"Organization\",\"@id\":\"https:\\\/\\\/life.itu.int\\\/retraites\\\/#organization\",\"name\":\"Association des anciens fonctionnaires de l\u2019Union Internationale des T\u00e9l\u00e9communications\",\"url\":\"https:\\\/\\\/life.itu.int\\\/retraites\\\/\",\"logo\":{\"@type\":\"ImageObject\",\"inLanguage\":\"fr-FR\",\"@id\":\"https:\\\/\\\/life.itu.int\\\/retraites\\\/#\\\/schema\\\/logo\\\/image\\\/\",\"url\":\"https:\\\/\\\/life.itu.int\\\/retraites\\\/wp-content\\\/uploads\\\/sites\\\/15\\\/2024\\\/11\\\/cropped-Screenshot-2024-11-20-at-08.41.46.png\",\"contentUrl\":\"https:\\\/\\\/life.itu.int\\\/retraites\\\/wp-content\\\/uploads\\\/sites\\\/15\\\/2024\\\/11\\\/cropped-Screenshot-2024-11-20-at-08.41.46.png\",\"width\":512,\"height\":512,\"caption\":\"Association des anciens fonctionnaires de l\u2019Union Internationale des T\u00e9l\u00e9communications\"},\"image\":{\"@id\":\"https:\\\/\\\/life.itu.int\\\/retraites\\\/#\\\/schema\\\/logo\\\/image\\\/\"}},{\"@type\":\"Person\",\"@id\":\"https:\\\/\\\/life.itu.int\\\/retraites\\\/#\\\/schema\\\/person\\\/66ff94b3c716781777bcc0cb1694a846\",\"name\":\"Simon de nicola\",\"image\":{\"@type\":\"ImageObject\",\"inLanguage\":\"fr-FR\",\"@id\":\"https:\\\/\\\/secure.gravatar.com\\\/avatar\\\/e7c84d6097b1ee0826b81de04d2a197989923e67cf1c4fac9d1471c6f12bb8fc?s=96&d=identicon&r=g\",\"url\":\"https:\\\/\\\/secure.gravatar.com\\\/avatar\\\/e7c84d6097b1ee0826b81de04d2a197989923e67cf1c4fac9d1471c6f12bb8fc?s=96&d=identicon&r=g\",\"contentUrl\":\"https:\\\/\\\/secure.gravatar.com\\\/avatar\\\/e7c84d6097b1ee0826b81de04d2a197989923e67cf1c4fac9d1471c6f12bb8fc?s=96&d=identicon&r=g\",\"caption\":\"Simon de nicola\"},\"sameAs\":[\"https:\\\/\\\/gravatar.com\\\/thoroughlyyoung9f044228dc\"],\"url\":\"https:\\\/\\\/life.itu.int\\\/retraites\\\/author\\\/simondenicola\\\/\"}]}<\/script>\n<!-- \/ Yoast SEO plugin. -->","yoast_head_json":{"title":"Les 160 ans de l'UIT - Association des anciens fonctionnaires de l\u2019Union Internationale des T\u00e9l\u00e9communications","description":"L'Union internationale des t\u00e9l\u00e9communications (UIT) c\u00e9l\u00e8bre son 160e anniversaire en 2025.","robots":{"index":"index","follow":"follow","max-snippet":"max-snippet:-1","max-image-preview":"max-image-preview:large","max-video-preview":"max-video-preview:-1"},"canonical":"https:\/\/life.itu.int\/retraites\/les-160-ans-de-luit\/","og_locale":"fr_FR","og_type":"article","og_title":"Les 160 ans de l'UIT - Association des anciens fonctionnaires de l\u2019Union Internationale des T\u00e9l\u00e9communications","og_description":"L'Union internationale des t\u00e9l\u00e9communications (UIT) c\u00e9l\u00e8bre son 160e anniversaire en 2025.","og_url":"https:\/\/life.itu.int\/retraites\/les-160-ans-de-luit\/","og_site_name":"Association des anciens fonctionnaires de l\u2019Union Internationale des T\u00e9l\u00e9communications","article_published_time":"2025-01-13T14:14:34+00:00","article_modified_time":"2026-02-18T17:55:00+00:00","og_image":[{"width":850,"height":575,"url":"https:\/\/life.itu.int\/retraites\/wp-content\/uploads\/sites\/15\/2025\/01\/Screenshot-2025-01-07-at-20.02.23.png","type":"image\/png"}],"author":"Simon de nicola","twitter_card":"summary_large_image","twitter_misc":{"\u00c9crit par":"Simon de nicola","Dur\u00e9e de lecture estim\u00e9e":"1 minute"},"schema":{"@context":"https:\/\/schema.org","@graph":[{"@type":["Article","BlogPosting"],"@id":"https:\/\/life.itu.int\/retraites\/les-160-ans-de-luit\/#article","isPartOf":{"@id":"https:\/\/life.itu.int\/retraites\/les-160-ans-de-luit\/"},"author":{"name":"Simon de nicola","@id":"https:\/\/life.itu.int\/retraites\/#\/schema\/person\/66ff94b3c716781777bcc0cb1694a846"},"headline":"Les 160 ans de l&rsquo;UIT","datePublished":"2025-01-13T14:14:34+00:00","dateModified":"2026-02-18T17:55:00+00:00","mainEntityOfPage":{"@id":"https:\/\/life.itu.int\/retraites\/les-160-ans-de-luit\/"},"wordCount":75,"commentCount":0,"publisher":{"@id":"https:\/\/life.itu.int\/retraites\/#organization"},"image":{"@id":"https:\/\/life.itu.int\/retraites\/les-160-ans-de-luit\/#primaryimage"},"thumbnailUrl":"https:\/\/life.itu.int\/retraites\/wp-content\/uploads\/sites\/15\/2025\/01\/Screenshot-2025-01-07-at-20.02.23.png","keywords":["160 ans","UIT"],"articleSection":["News"],"inLanguage":"fr-FR","potentialAction":[{"@type":"CommentAction","name":"Comment","target":["https:\/\/life.itu.int\/retraites\/les-160-ans-de-luit\/#respond"]}]},{"@type":["WebPage","ItemPage"],"@id":"https:\/\/life.itu.int\/retraites\/les-160-ans-de-luit\/","url":"https:\/\/life.itu.int\/retraites\/les-160-ans-de-luit\/","name":"Les 160 ans de l'UIT - Association des anciens fonctionnaires de l\u2019Union Internationale des T\u00e9l\u00e9communications","isPartOf":{"@id":"https:\/\/life.itu.int\/retraites\/#website"},"primaryImageOfPage":{"@id":"https:\/\/life.itu.int\/retraites\/les-160-ans-de-luit\/#primaryimage"},"image":{"@id":"https:\/\/life.itu.int\/retraites\/les-160-ans-de-luit\/#primaryimage"},"thumbnailUrl":"https:\/\/life.itu.int\/retraites\/wp-content\/uploads\/sites\/15\/2025\/01\/Screenshot-2025-01-07-at-20.02.23.png","datePublished":"2025-01-13T14:14:34+00:00","dateModified":"2026-02-18T17:55:00+00:00","description":"L'Union internationale des t\u00e9l\u00e9communications (UIT) c\u00e9l\u00e8bre son 160e anniversaire en 2025.","breadcrumb":{"@id":"https:\/\/life.itu.int\/retraites\/les-160-ans-de-luit\/#breadcrumb"},"inLanguage":"fr-FR","potentialAction":[{"@type":"ReadAction","target":["https:\/\/life.itu.int\/retraites\/les-160-ans-de-luit\/"]}]},{"@type":"ImageObject","inLanguage":"fr-FR","@id":"https:\/\/life.itu.int\/retraites\/les-160-ans-de-luit\/#primaryimage","url":"https:\/\/life.itu.int\/retraites\/wp-content\/uploads\/sites\/15\/2025\/01\/Screenshot-2025-01-07-at-20.02.23.png","contentUrl":"https:\/\/life.itu.int\/retraites\/wp-content\/uploads\/sites\/15\/2025\/01\/Screenshot-2025-01-07-at-20.02.23.png","width":850,"height":575,"caption":"160 Years of ITU"},{"@type":"BreadcrumbList","@id":"https:\/\/life.itu.int\/retraites\/les-160-ans-de-luit\/#breadcrumb","itemListElement":[{"@type":"ListItem","position":1,"name":"Accueil","item":"https:\/\/life.itu.int\/retraites\/"},{"@type":"ListItem","position":2,"name":"Les 160 ans de l&rsquo;UIT"}]},{"@type":"WebSite","@id":"https:\/\/life.itu.int\/retraites\/#website","url":"https:\/\/life.itu.int\/retraites\/","name":"Association des anciens fonctionnaires de l\u2019Union Internationale des T\u00e9l\u00e9communications","description":"Association des anciens fonctionnaires de l&#039;Union Internationale des T\u00e9l\u00e9communications \u2013 Rester en contact","publisher":{"@id":"https:\/\/life.itu.int\/retraites\/#organization"},"potentialAction":[{"@type":"SearchAction","target":{"@type":"EntryPoint","urlTemplate":"https:\/\/life.itu.int\/retraites\/?s={search_term_string}"},"query-input":{"@type":"PropertyValueSpecification","valueRequired":true,"valueName":"search_term_string"}}],"inLanguage":"fr-FR"},{"@type":"Organization","@id":"https:\/\/life.itu.int\/retraites\/#organization","name":"Association des anciens fonctionnaires de l\u2019Union Internationale des T\u00e9l\u00e9communications","url":"https:\/\/life.itu.int\/retraites\/","logo":{"@type":"ImageObject","inLanguage":"fr-FR","@id":"https:\/\/life.itu.int\/retraites\/#\/schema\/logo\/image\/","url":"https:\/\/life.itu.int\/retraites\/wp-content\/uploads\/sites\/15\/2024\/11\/cropped-Screenshot-2024-11-20-at-08.41.46.png","contentUrl":"https:\/\/life.itu.int\/retraites\/wp-content\/uploads\/sites\/15\/2024\/11\/cropped-Screenshot-2024-11-20-at-08.41.46.png","width":512,"height":512,"caption":"Association des anciens fonctionnaires de l\u2019Union Internationale des T\u00e9l\u00e9communications"},"image":{"@id":"https:\/\/life.itu.int\/retraites\/#\/schema\/logo\/image\/"}},{"@type":"Person","@id":"https:\/\/life.itu.int\/retraites\/#\/schema\/person\/66ff94b3c716781777bcc0cb1694a846","name":"Simon de nicola","image":{"@type":"ImageObject","inLanguage":"fr-FR","@id":"https:\/\/secure.gravatar.com\/avatar\/e7c84d6097b1ee0826b81de04d2a197989923e67cf1c4fac9d1471c6f12bb8fc?s=96&d=identicon&r=g","url":"https:\/\/secure.gravatar.com\/avatar\/e7c84d6097b1ee0826b81de04d2a197989923e67cf1c4fac9d1471c6f12bb8fc?s=96&d=identicon&r=g","contentUrl":"https:\/\/secure.gravatar.com\/avatar\/e7c84d6097b1ee0826b81de04d2a197989923e67cf1c4fac9d1471c6f12bb8fc?s=96&d=identicon&r=g","caption":"Simon de nicola"},"sameAs":["https:\/\/gravatar.com\/thoroughlyyoung9f044228dc"],"url":"https:\/\/life.itu.int\/retraites\/author\/simondenicola\/"}]}},"_links":{"self":[{"href":"https:\/\/life.itu.int\/retraites\/wp-json\/wp\/v2\/posts\/499","targetHints":{"allow":["GET"]}}],"collection":[{"href":"https:\/\/life.itu.int\/retraites\/wp-json\/wp\/v2\/posts"}],"about":[{"href":"https:\/\/life.itu.int\/retraites\/wp-json\/wp\/v2\/types\/post"}],"author":[{"embeddable":true,"href":"https:\/\/life.itu.int\/retraites\/wp-json\/wp\/v2\/users\/15"}],"replies":[{"embeddable":true,"href":"https:\/\/life.itu.int\/retraites\/wp-json\/wp\/v2\/comments?post=499"}],"version-history":[{"count":0,"href":"https:\/\/life.itu.int\/retraites\/wp-json\/wp\/v2\/posts\/499\/revisions"}],"wp:featuredmedia":[{"embeddable":true,"href":"https:\/\/life.itu.int\/retraites\/wp-json\/wp\/v2\/media\/502"}],"wp:attachment":[{"href":"https:\/\/life.itu.int\/retraites\/wp-json\/wp\/v2\/media?parent=499"}],"wp:term":[{"taxonomy":"category","embeddable":true,"href":"https:\/\/life.itu.int\/retraites\/wp-json\/wp\/v2\/categories?post=499"},{"taxonomy":"post_tag","embeddable":true,"href":"https:\/\/life.itu.int\/retraites\/wp-json\/wp\/v2\/tags?post=499"}],"curies":[{"name":"wp","href":"https:\/\/api.w.org\/{rel}","templated":true}]}}