{"id":324,"date":"2024-11-20T09:35:45","date_gmt":"2024-11-20T09:35:45","guid":{"rendered":"https:\/\/life.itu.int\/retraites\/?p=324"},"modified":"2026-02-18T17:56:50","modified_gmt":"2026-02-18T17:56:50","slug":"rando-plaisir-no-02-2024-le-canal-de-la-versoix-14-novembre-2024","status":"publish","type":"post","link":"https:\/\/life.itu.int\/retraites\/rando-plaisir-no-02-2024-le-canal-de-la-versoix-14-novembre-2024\/","title":{"rendered":"Rando-Plaisir 2024\u00a0"},"content":{"rendered":"\n<h3 class=\"wp-block-heading\">Le canal de la Versoix, 14 novembre 2024<\/h3>\n\n\n\n<p>Apr\u00e8s 3 courses annul\u00e9es pour cause de mauvais temps, c\u2019est vraiment un plaisir et un soulagement de pouvoir enfin se d\u00e9gourdir les jambes, bien que la randonn\u00e9e propos\u00e9e aujourd\u2019hui ne demande vraiment pas un effort intense. <\/p>\n\n\n\n<p>C\u2019est finalement 9 participants qui se retrouvent \u00e0 Versoix, et l\u2019on commence comme traditionnellement par un caf\u00e9 offert par l\u2019association. Nous n\u2019avons pas pu nous regrouper tous ensemble dans cette confiserie, mais ce fut tout de m\u00eame l\u2019occasion de faire connaissance avec les \u00ab&nbsp;nouveaux&nbsp;\u00bb participants. En sortant du caf\u00e9, nous sommes saisis par la bise et le froid, mais une fois en route, le corps s\u2019habitue, et dans le bois nous serons prot\u00e9g\u00e9s du courant, et les rayons g\u00e9n\u00e9reux du soleil seront appr\u00e9ci\u00e9s. <\/p>\n\n\n\n<div class=\"rcp_restricted\"><p>Le canal de la Versoix, 14 novembre 2024<\/p>\n<p>Apr\u00e8s 3 courses annul\u00e9es pour cause de mauvais temps, c\u2019est vraiment un plaisir et un soulagement de pouvoir enfin se d\u00e9gourdir les jambes, bien que la randonn\u00e9e propos\u00e9e aujourd\u2019hui ne demande vraiment pas un effort intense. <\/p>\n<p>C\u2019est finalement 9 participants qui se retrouvent \u00e0 Versoix, et l\u2019on commence comme traditionnellement par un caf\u00e9 offert par l\u2019association. Nous n\u2019avons pas pu nous regrouper tous ensemble dans cette confiserie, mais ce fut tout de m\u00eame l\u2019occasion de faire connaissance . . .<\/p>\n<p style=\"line-height: var(--wp--typography--line-height, var(--global--line-height-body)); color: #28303d; font-family: -apple-system, BlinkMacSystemFont, 'Segoe UI', Roboto, Oxygen-Sans, Ubuntu, Cantarell, 'Helvetica Neue', sans-serif; font-size: 20px;\"><span style=\"color: #28303d; font-family: -apple-system, BlinkMacSystemFont, Segoe UI, Roboto, Oxygen-Sans, Ubuntu, Cantarell, Helvetica Neue, sans-serif;\"><span style=\"font-size: 20px;\">Pour consulter cette page, vous devez \u00eatre enregistr\u00e9 dans le syst\u00e8me et connect\u00e9 avec le bouton Connexion en haut de la page. <\/span><\/span><\/p>\n<p style=\"line-height: var(--wp--typography--line-height, var(--global--line-height-body)); color: #28303d; font-family: -apple-system, BlinkMacSystemFont, 'Segoe UI', Roboto, Oxygen-Sans, Ubuntu, Cantarell, 'Helvetica Neue', sans-serif; font-size: 20px;\"><span style=\"color: #28303d; font-family: -apple-system, BlinkMacSystemFont, Segoe UI, Roboto, Oxygen-Sans, Ubuntu, Cantarell, Helvetica Neue, sans-serif;\"><span style=\"font-size: 20px;\">Certaines pages peuvent rester inaccessibles apr\u00e8s votre connexion, car elles sont encore \u00e0 l'\u00e9tat de projet et n'ont pas encore \u00e9t\u00e9 approuv\u00e9es par le comit\u00e9. <\/span><\/span><span style=\"color: #28303d; font-family: -apple-system, BlinkMacSystemFont, Segoe UI, Roboto, Oxygen-Sans, Ubuntu, Cantarell, Helvetica Neue, sans-serif;\"><span style=\"font-size: 20px;\">De plus amples informations sont disponibles sur la page FAQ.\u00a0<\/span><\/span><\/p>\n<p>---<\/p>\n<p style=\"line-height: var(--wp--typography--line-height, var(--global--line-height-body)); color: #28303d; font-family: -apple-system, BlinkMacSystemFont, 'Segoe UI', Roboto, Oxygen-Sans, Ubuntu, Cantarell, 'Helvetica Neue', sans-serif; font-size: 20px;\"><span style=\"color: #28303d; font-family: -apple-system, BlinkMacSystemFont, Segoe UI, Roboto, Oxygen-Sans, Ubuntu, Cantarell, Helvetica Neue, sans-serif;\"><span style=\"font-size: 20px;\">To view this page, you must be registered in the system and logged in via the button Login at the top of the page. <\/span><\/span><\/p>\n<p style=\"line-height: var(--wp--typography--line-height, var(--global--line-height-body)); color: #28303d; font-family: -apple-system, BlinkMacSystemFont, 'Segoe UI', Roboto, Oxygen-Sans, Ubuntu, Cantarell, 'Helvetica Neue', sans-serif; font-size: 20px;\"><span style=\"color: #28303d; font-family: -apple-system, BlinkMacSystemFont, Segoe UI, Roboto, Oxygen-Sans, Ubuntu, Cantarell, Helvetica Neue, sans-serif;\"><span style=\"font-size: 20px;\">Some pages may remain inaccessible after you have logged in, because they are still in draft form and have not yet been approved by the committee. <\/span><\/span><span style=\"color: #28303d; font-family: -apple-system, BlinkMacSystemFont, Segoe UI, Roboto, Oxygen-Sans, Ubuntu, Cantarell, Helvetica Neue, sans-serif;\"><span style=\"font-size: 20px;\">Further information is available on the FAQ page.<\/span><\/span><\/p>\n<\/div>\n<div class=\"pld-like-dislike-wrap pld-template-1\">\r\n    <div class=\"pld-like-wrap  pld-common-wrap\">\r\n    <a href=\"javascript:void(0)\" class=\"pld-like-trigger pld-like-dislike-trigger  \" title=\"\" data-post-id=\"324\" data-trigger-type=\"like\" data-restriction=\"no\" data-already-liked=\"0\">\r\n                        <i class=\"fas fa-thumbs-up\"><\/i>\r\n                <\/a>\r\n    <span class=\"pld-like-count-wrap pld-count-wrap\">    <\/span>\r\n<\/div><div class=\"pld-dislike-wrap  pld-common-wrap\">\r\n    <a href=\"javascript:void(0)\" class=\"pld-dislike-trigger pld-like-dislike-trigger  \" title=\"\" data-post-id=\"324\" data-trigger-type=\"dislike\" data-restriction=\"no\" data-already-liked=\"0\">\r\n                        <i class=\"fas fa-thumbs-down\"><\/i>\r\n                <\/a>\r\n    <span class=\"pld-dislike-count-wrap pld-count-wrap\"><\/span>\r\n<\/div><\/div>","protected":false},"excerpt":{"rendered":"<p>Le canal de la Versoix, 14 novembre 2024 Apr\u00e8s 3 courses annul\u00e9es pour cause de mauvais temps, c\u2019est vraiment un plaisir et un soulagement de pouvoir enfin se d\u00e9gourdir les jambes, bien que la randonn\u00e9e propos\u00e9e aujourd\u2019hui ne demande vraiment pas un effort intense. C\u2019est finalement 9 participants qui se retrouvent \u00e0 Versoix, et l\u2019on [&hellip;]<\/p>\n","protected":false},"author":15,"featured_media":326,"comment_status":"open","ping_status":"open","sticky":false,"template":"","format":"standard","meta":{"footnotes":""},"categories":[11,10,9],"tags":[31,37],"class_list":["post-324","post","type-post","status-publish","format-standard","has-post-thumbnail","hentry","category-archives","category-membre","category-loisirs","tag-activites","tag-rando"],"yoast_head":"<!-- This site is optimized with the Yoast SEO plugin v27.5 - https:\/\/yoast.com\/product\/yoast-seo-wordpress\/ -->\n<title>Rando-Plaisir 2024\u00a0 - Association des anciens fonctionnaires de l\u2019Union Internationale des T\u00e9l\u00e9communications<\/title>\n<meta name=\"description\" content=\"Apr\u00e8s 3 courses annul\u00e9es pour cause de mauvais temps, c\u2019est vraiment un plaisir et un soulagement de pouvoir enfin se d\u00e9gourdir les jambes, bien que la randonn\u00e9e propos\u00e9e aujourd\u2019hui ne demande vraiment pas un effort intense.\" \/>\n<meta name=\"robots\" content=\"index, follow, max-snippet:-1, max-image-preview:large, max-video-preview:-1\" \/>\n<link rel=\"canonical\" href=\"https:\/\/life.itu.int\/retraites\/rando-plaisir-no-02-2024-le-canal-de-la-versoix-14-novembre-2024\/\" \/>\n<meta property=\"og:locale\" content=\"fr_FR\" \/>\n<meta property=\"og:type\" content=\"article\" \/>\n<meta property=\"og:title\" content=\"Rando-Plaisir 2024\u00a0 - Association des anciens fonctionnaires de l\u2019Union Internationale des T\u00e9l\u00e9communications\" \/>\n<meta property=\"og:description\" content=\"Apr\u00e8s 3 courses annul\u00e9es pour cause de mauvais temps, c\u2019est vraiment un plaisir et un soulagement de pouvoir enfin se d\u00e9gourdir les jambes, bien que la randonn\u00e9e propos\u00e9e aujourd\u2019hui ne demande vraiment pas un effort intense.\" \/>\n<meta property=\"og:url\" content=\"https:\/\/life.itu.int\/retraites\/rando-plaisir-no-02-2024-le-canal-de-la-versoix-14-novembre-2024\/\" \/>\n<meta property=\"og:site_name\" content=\"Association des anciens fonctionnaires de l\u2019Union Internationale des T\u00e9l\u00e9communications\" \/>\n<meta property=\"article:published_time\" content=\"2024-11-20T09:35:45+00:00\" \/>\n<meta property=\"article:modified_time\" content=\"2026-02-18T17:56:50+00:00\" \/>\n<meta property=\"og:image\" content=\"https:\/\/life.itu.int\/retraites\/wp-content\/uploads\/sites\/15\/2024\/11\/Screenshot-2024-11-19-at-08.59.15.png\" \/>\n\t<meta property=\"og:image:width\" content=\"567\" \/>\n\t<meta property=\"og:image:height\" content=\"418\" \/>\n\t<meta property=\"og:image:type\" content=\"image\/png\" \/>\n<meta name=\"author\" content=\"Simon de nicola\" \/>\n<meta name=\"twitter:card\" content=\"summary_large_image\" \/>\n<meta name=\"twitter:label1\" content=\"\u00c9crit par\" \/>\n\t<meta name=\"twitter:data1\" content=\"Simon de nicola\" \/>\n\t<meta name=\"twitter:label2\" content=\"Dur\u00e9e de lecture estim\u00e9e\" \/>\n\t<meta name=\"twitter:data2\" content=\"4 minutes\" \/>\n<script type=\"application\/ld+json\" class=\"yoast-schema-graph\">{\"@context\":\"https:\\\/\\\/schema.org\",\"@graph\":[{\"@type\":[\"Article\",\"BlogPosting\"],\"@id\":\"https:\\\/\\\/life.itu.int\\\/retraites\\\/rando-plaisir-no-02-2024-le-canal-de-la-versoix-14-novembre-2024\\\/#article\",\"isPartOf\":{\"@id\":\"https:\\\/\\\/life.itu.int\\\/retraites\\\/rando-plaisir-no-02-2024-le-canal-de-la-versoix-14-novembre-2024\\\/\"},\"author\":{\"name\":\"Simon de nicola\",\"@id\":\"https:\\\/\\\/life.itu.int\\\/retraites\\\/#\\\/schema\\\/person\\\/66ff94b3c716781777bcc0cb1694a846\"},\"headline\":\"Rando-Plaisir 2024\u00a0\",\"datePublished\":\"2024-11-20T09:35:45+00:00\",\"dateModified\":\"2026-02-18T17:56:50+00:00\",\"mainEntityOfPage\":{\"@id\":\"https:\\\/\\\/life.itu.int\\\/retraites\\\/rando-plaisir-no-02-2024-le-canal-de-la-versoix-14-novembre-2024\\\/\"},\"wordCount\":416,\"commentCount\":0,\"publisher\":{\"@id\":\"https:\\\/\\\/life.itu.int\\\/retraites\\\/#organization\"},\"image\":{\"@id\":\"https:\\\/\\\/life.itu.int\\\/retraites\\\/rando-plaisir-no-02-2024-le-canal-de-la-versoix-14-novembre-2024\\\/#primaryimage\"},\"thumbnailUrl\":\"https:\\\/\\\/life.itu.int\\\/retraites\\\/wp-content\\\/uploads\\\/sites\\\/15\\\/2024\\\/11\\\/Screenshot-2024-11-19-at-08.59.15.png\",\"keywords\":[\"activit\u00e9s\",\"rando\"],\"articleSection\":[\"Archives\",\"Espace membre\",\"Loisirs\"],\"inLanguage\":\"fr-FR\",\"potentialAction\":[{\"@type\":\"CommentAction\",\"name\":\"Comment\",\"target\":[\"https:\\\/\\\/life.itu.int\\\/retraites\\\/rando-plaisir-no-02-2024-le-canal-de-la-versoix-14-novembre-2024\\\/#respond\"]}]},{\"@type\":[\"WebPage\",\"ItemPage\"],\"@id\":\"https:\\\/\\\/life.itu.int\\\/retraites\\\/rando-plaisir-no-02-2024-le-canal-de-la-versoix-14-novembre-2024\\\/\",\"url\":\"https:\\\/\\\/life.itu.int\\\/retraites\\\/rando-plaisir-no-02-2024-le-canal-de-la-versoix-14-novembre-2024\\\/\",\"name\":\"Rando-Plaisir 2024\u00a0 - Association des anciens fonctionnaires de l\u2019Union Internationale des T\u00e9l\u00e9communications\",\"isPartOf\":{\"@id\":\"https:\\\/\\\/life.itu.int\\\/retraites\\\/#website\"},\"primaryImageOfPage\":{\"@id\":\"https:\\\/\\\/life.itu.int\\\/retraites\\\/rando-plaisir-no-02-2024-le-canal-de-la-versoix-14-novembre-2024\\\/#primaryimage\"},\"image\":{\"@id\":\"https:\\\/\\\/life.itu.int\\\/retraites\\\/rando-plaisir-no-02-2024-le-canal-de-la-versoix-14-novembre-2024\\\/#primaryimage\"},\"thumbnailUrl\":\"https:\\\/\\\/life.itu.int\\\/retraites\\\/wp-content\\\/uploads\\\/sites\\\/15\\\/2024\\\/11\\\/Screenshot-2024-11-19-at-08.59.15.png\",\"datePublished\":\"2024-11-20T09:35:45+00:00\",\"dateModified\":\"2026-02-18T17:56:50+00:00\",\"description\":\"Apr\u00e8s 3 courses annul\u00e9es pour cause de mauvais temps, c\u2019est vraiment un plaisir et un soulagement de pouvoir enfin se d\u00e9gourdir les jambes, bien que la randonn\u00e9e propos\u00e9e aujourd\u2019hui ne demande vraiment pas un effort intense.\",\"breadcrumb\":{\"@id\":\"https:\\\/\\\/life.itu.int\\\/retraites\\\/rando-plaisir-no-02-2024-le-canal-de-la-versoix-14-novembre-2024\\\/#breadcrumb\"},\"inLanguage\":\"fr-FR\",\"potentialAction\":[{\"@type\":\"ReadAction\",\"target\":[\"https:\\\/\\\/life.itu.int\\\/retraites\\\/rando-plaisir-no-02-2024-le-canal-de-la-versoix-14-novembre-2024\\\/\"]}]},{\"@type\":\"ImageObject\",\"inLanguage\":\"fr-FR\",\"@id\":\"https:\\\/\\\/life.itu.int\\\/retraites\\\/rando-plaisir-no-02-2024-le-canal-de-la-versoix-14-novembre-2024\\\/#primaryimage\",\"url\":\"https:\\\/\\\/life.itu.int\\\/retraites\\\/wp-content\\\/uploads\\\/sites\\\/15\\\/2024\\\/11\\\/Screenshot-2024-11-19-at-08.59.15.png\",\"contentUrl\":\"https:\\\/\\\/life.itu.int\\\/retraites\\\/wp-content\\\/uploads\\\/sites\\\/15\\\/2024\\\/11\\\/Screenshot-2024-11-19-at-08.59.15.png\",\"width\":567,\"height\":418,\"caption\":\"photos de Padmini Prasad et Jaqueline Piguet\"},{\"@type\":\"BreadcrumbList\",\"@id\":\"https:\\\/\\\/life.itu.int\\\/retraites\\\/rando-plaisir-no-02-2024-le-canal-de-la-versoix-14-novembre-2024\\\/#breadcrumb\",\"itemListElement\":[{\"@type\":\"ListItem\",\"position\":1,\"name\":\"Accueil\",\"item\":\"https:\\\/\\\/life.itu.int\\\/retraites\\\/\"},{\"@type\":\"ListItem\",\"position\":2,\"name\":\"Rando-Plaisir 2024\u00a0\"}]},{\"@type\":\"WebSite\",\"@id\":\"https:\\\/\\\/life.itu.int\\\/retraites\\\/#website\",\"url\":\"https:\\\/\\\/life.itu.int\\\/retraites\\\/\",\"name\":\"Association des anciens fonctionnaires de l\u2019Union Internationale des T\u00e9l\u00e9communications\",\"description\":\"Association des anciens fonctionnaires de l&#039;Union Internationale des T\u00e9l\u00e9communications \u2013 Rester en contact\",\"publisher\":{\"@id\":\"https:\\\/\\\/life.itu.int\\\/retraites\\\/#organization\"},\"potentialAction\":[{\"@type\":\"SearchAction\",\"target\":{\"@type\":\"EntryPoint\",\"urlTemplate\":\"https:\\\/\\\/life.itu.int\\\/retraites\\\/?s={search_term_string}\"},\"query-input\":{\"@type\":\"PropertyValueSpecification\",\"valueRequired\":true,\"valueName\":\"search_term_string\"}}],\"inLanguage\":\"fr-FR\"},{\"@type\":\"Organization\",\"@id\":\"https:\\\/\\\/life.itu.int\\\/retraites\\\/#organization\",\"name\":\"Association des anciens fonctionnaires de l\u2019Union Internationale des T\u00e9l\u00e9communications\",\"url\":\"https:\\\/\\\/life.itu.int\\\/retraites\\\/\",\"logo\":{\"@type\":\"ImageObject\",\"inLanguage\":\"fr-FR\",\"@id\":\"https:\\\/\\\/life.itu.int\\\/retraites\\\/#\\\/schema\\\/logo\\\/image\\\/\",\"url\":\"https:\\\/\\\/life.itu.int\\\/retraites\\\/wp-content\\\/uploads\\\/sites\\\/15\\\/2024\\\/11\\\/cropped-Screenshot-2024-11-20-at-08.41.46.png\",\"contentUrl\":\"https:\\\/\\\/life.itu.int\\\/retraites\\\/wp-content\\\/uploads\\\/sites\\\/15\\\/2024\\\/11\\\/cropped-Screenshot-2024-11-20-at-08.41.46.png\",\"width\":512,\"height\":512,\"caption\":\"Association des anciens fonctionnaires de l\u2019Union Internationale des T\u00e9l\u00e9communications\"},\"image\":{\"@id\":\"https:\\\/\\\/life.itu.int\\\/retraites\\\/#\\\/schema\\\/logo\\\/image\\\/\"}},{\"@type\":\"Person\",\"@id\":\"https:\\\/\\\/life.itu.int\\\/retraites\\\/#\\\/schema\\\/person\\\/66ff94b3c716781777bcc0cb1694a846\",\"name\":\"Simon de nicola\",\"image\":{\"@type\":\"ImageObject\",\"inLanguage\":\"fr-FR\",\"@id\":\"https:\\\/\\\/secure.gravatar.com\\\/avatar\\\/e7c84d6097b1ee0826b81de04d2a197989923e67cf1c4fac9d1471c6f12bb8fc?s=96&d=identicon&r=g\",\"url\":\"https:\\\/\\\/secure.gravatar.com\\\/avatar\\\/e7c84d6097b1ee0826b81de04d2a197989923e67cf1c4fac9d1471c6f12bb8fc?s=96&d=identicon&r=g\",\"contentUrl\":\"https:\\\/\\\/secure.gravatar.com\\\/avatar\\\/e7c84d6097b1ee0826b81de04d2a197989923e67cf1c4fac9d1471c6f12bb8fc?s=96&d=identicon&r=g\",\"caption\":\"Simon de nicola\"},\"sameAs\":[\"https:\\\/\\\/gravatar.com\\\/thoroughlyyoung9f044228dc\"],\"url\":\"https:\\\/\\\/life.itu.int\\\/retraites\\\/author\\\/simondenicola\\\/\"}]}<\/script>\n<!-- \/ Yoast SEO plugin. -->","yoast_head_json":{"title":"Rando-Plaisir 2024\u00a0 - Association des anciens fonctionnaires de l\u2019Union Internationale des T\u00e9l\u00e9communications","description":"Apr\u00e8s 3 courses annul\u00e9es pour cause de mauvais temps, c\u2019est vraiment un plaisir et un soulagement de pouvoir enfin se d\u00e9gourdir les jambes, bien que la randonn\u00e9e propos\u00e9e aujourd\u2019hui ne demande vraiment pas un effort intense.","robots":{"index":"index","follow":"follow","max-snippet":"max-snippet:-1","max-image-preview":"max-image-preview:large","max-video-preview":"max-video-preview:-1"},"canonical":"https:\/\/life.itu.int\/retraites\/rando-plaisir-no-02-2024-le-canal-de-la-versoix-14-novembre-2024\/","og_locale":"fr_FR","og_type":"article","og_title":"Rando-Plaisir 2024\u00a0 - Association des anciens fonctionnaires de l\u2019Union Internationale des T\u00e9l\u00e9communications","og_description":"Apr\u00e8s 3 courses annul\u00e9es pour cause de mauvais temps, c\u2019est vraiment un plaisir et un soulagement de pouvoir enfin se d\u00e9gourdir les jambes, bien que la randonn\u00e9e propos\u00e9e aujourd\u2019hui ne demande vraiment pas un effort intense.","og_url":"https:\/\/life.itu.int\/retraites\/rando-plaisir-no-02-2024-le-canal-de-la-versoix-14-novembre-2024\/","og_site_name":"Association des anciens fonctionnaires de l\u2019Union Internationale des T\u00e9l\u00e9communications","article_published_time":"2024-11-20T09:35:45+00:00","article_modified_time":"2026-02-18T17:56:50+00:00","og_image":[{"width":567,"height":418,"url":"https:\/\/life.itu.int\/retraites\/wp-content\/uploads\/sites\/15\/2024\/11\/Screenshot-2024-11-19-at-08.59.15.png","type":"image\/png"}],"author":"Simon de nicola","twitter_card":"summary_large_image","twitter_misc":{"\u00c9crit par":"Simon de nicola","Dur\u00e9e de lecture estim\u00e9e":"4 minutes"},"schema":{"@context":"https:\/\/schema.org","@graph":[{"@type":["Article","BlogPosting"],"@id":"https:\/\/life.itu.int\/retraites\/rando-plaisir-no-02-2024-le-canal-de-la-versoix-14-novembre-2024\/#article","isPartOf":{"@id":"https:\/\/life.itu.int\/retraites\/rando-plaisir-no-02-2024-le-canal-de-la-versoix-14-novembre-2024\/"},"author":{"name":"Simon de nicola","@id":"https:\/\/life.itu.int\/retraites\/#\/schema\/person\/66ff94b3c716781777bcc0cb1694a846"},"headline":"Rando-Plaisir 2024\u00a0","datePublished":"2024-11-20T09:35:45+00:00","dateModified":"2026-02-18T17:56:50+00:00","mainEntityOfPage":{"@id":"https:\/\/life.itu.int\/retraites\/rando-plaisir-no-02-2024-le-canal-de-la-versoix-14-novembre-2024\/"},"wordCount":416,"commentCount":0,"publisher":{"@id":"https:\/\/life.itu.int\/retraites\/#organization"},"image":{"@id":"https:\/\/life.itu.int\/retraites\/rando-plaisir-no-02-2024-le-canal-de-la-versoix-14-novembre-2024\/#primaryimage"},"thumbnailUrl":"https:\/\/life.itu.int\/retraites\/wp-content\/uploads\/sites\/15\/2024\/11\/Screenshot-2024-11-19-at-08.59.15.png","keywords":["activit\u00e9s","rando"],"articleSection":["Archives","Espace membre","Loisirs"],"inLanguage":"fr-FR","potentialAction":[{"@type":"CommentAction","name":"Comment","target":["https:\/\/life.itu.int\/retraites\/rando-plaisir-no-02-2024-le-canal-de-la-versoix-14-novembre-2024\/#respond"]}]},{"@type":["WebPage","ItemPage"],"@id":"https:\/\/life.itu.int\/retraites\/rando-plaisir-no-02-2024-le-canal-de-la-versoix-14-novembre-2024\/","url":"https:\/\/life.itu.int\/retraites\/rando-plaisir-no-02-2024-le-canal-de-la-versoix-14-novembre-2024\/","name":"Rando-Plaisir 2024\u00a0 - Association des anciens fonctionnaires de l\u2019Union Internationale des T\u00e9l\u00e9communications","isPartOf":{"@id":"https:\/\/life.itu.int\/retraites\/#website"},"primaryImageOfPage":{"@id":"https:\/\/life.itu.int\/retraites\/rando-plaisir-no-02-2024-le-canal-de-la-versoix-14-novembre-2024\/#primaryimage"},"image":{"@id":"https:\/\/life.itu.int\/retraites\/rando-plaisir-no-02-2024-le-canal-de-la-versoix-14-novembre-2024\/#primaryimage"},"thumbnailUrl":"https:\/\/life.itu.int\/retraites\/wp-content\/uploads\/sites\/15\/2024\/11\/Screenshot-2024-11-19-at-08.59.15.png","datePublished":"2024-11-20T09:35:45+00:00","dateModified":"2026-02-18T17:56:50+00:00","description":"Apr\u00e8s 3 courses annul\u00e9es pour cause de mauvais temps, c\u2019est vraiment un plaisir et un soulagement de pouvoir enfin se d\u00e9gourdir les jambes, bien que la randonn\u00e9e propos\u00e9e aujourd\u2019hui ne demande vraiment pas un effort intense.","breadcrumb":{"@id":"https:\/\/life.itu.int\/retraites\/rando-plaisir-no-02-2024-le-canal-de-la-versoix-14-novembre-2024\/#breadcrumb"},"inLanguage":"fr-FR","potentialAction":[{"@type":"ReadAction","target":["https:\/\/life.itu.int\/retraites\/rando-plaisir-no-02-2024-le-canal-de-la-versoix-14-novembre-2024\/"]}]},{"@type":"ImageObject","inLanguage":"fr-FR","@id":"https:\/\/life.itu.int\/retraites\/rando-plaisir-no-02-2024-le-canal-de-la-versoix-14-novembre-2024\/#primaryimage","url":"https:\/\/life.itu.int\/retraites\/wp-content\/uploads\/sites\/15\/2024\/11\/Screenshot-2024-11-19-at-08.59.15.png","contentUrl":"https:\/\/life.itu.int\/retraites\/wp-content\/uploads\/sites\/15\/2024\/11\/Screenshot-2024-11-19-at-08.59.15.png","width":567,"height":418,"caption":"photos de Padmini Prasad et Jaqueline Piguet"},{"@type":"BreadcrumbList","@id":"https:\/\/life.itu.int\/retraites\/rando-plaisir-no-02-2024-le-canal-de-la-versoix-14-novembre-2024\/#breadcrumb","itemListElement":[{"@type":"ListItem","position":1,"name":"Accueil","item":"https:\/\/life.itu.int\/retraites\/"},{"@type":"ListItem","position":2,"name":"Rando-Plaisir 2024\u00a0"}]},{"@type":"WebSite","@id":"https:\/\/life.itu.int\/retraites\/#website","url":"https:\/\/life.itu.int\/retraites\/","name":"Association des anciens fonctionnaires de l\u2019Union Internationale des T\u00e9l\u00e9communications","description":"Association des anciens fonctionnaires de l&#039;Union Internationale des T\u00e9l\u00e9communications \u2013 Rester en contact","publisher":{"@id":"https:\/\/life.itu.int\/retraites\/#organization"},"potentialAction":[{"@type":"SearchAction","target":{"@type":"EntryPoint","urlTemplate":"https:\/\/life.itu.int\/retraites\/?s={search_term_string}"},"query-input":{"@type":"PropertyValueSpecification","valueRequired":true,"valueName":"search_term_string"}}],"inLanguage":"fr-FR"},{"@type":"Organization","@id":"https:\/\/life.itu.int\/retraites\/#organization","name":"Association des anciens fonctionnaires de l\u2019Union Internationale des T\u00e9l\u00e9communications","url":"https:\/\/life.itu.int\/retraites\/","logo":{"@type":"ImageObject","inLanguage":"fr-FR","@id":"https:\/\/life.itu.int\/retraites\/#\/schema\/logo\/image\/","url":"https:\/\/life.itu.int\/retraites\/wp-content\/uploads\/sites\/15\/2024\/11\/cropped-Screenshot-2024-11-20-at-08.41.46.png","contentUrl":"https:\/\/life.itu.int\/retraites\/wp-content\/uploads\/sites\/15\/2024\/11\/cropped-Screenshot-2024-11-20-at-08.41.46.png","width":512,"height":512,"caption":"Association des anciens fonctionnaires de l\u2019Union Internationale des T\u00e9l\u00e9communications"},"image":{"@id":"https:\/\/life.itu.int\/retraites\/#\/schema\/logo\/image\/"}},{"@type":"Person","@id":"https:\/\/life.itu.int\/retraites\/#\/schema\/person\/66ff94b3c716781777bcc0cb1694a846","name":"Simon de nicola","image":{"@type":"ImageObject","inLanguage":"fr-FR","@id":"https:\/\/secure.gravatar.com\/avatar\/e7c84d6097b1ee0826b81de04d2a197989923e67cf1c4fac9d1471c6f12bb8fc?s=96&d=identicon&r=g","url":"https:\/\/secure.gravatar.com\/avatar\/e7c84d6097b1ee0826b81de04d2a197989923e67cf1c4fac9d1471c6f12bb8fc?s=96&d=identicon&r=g","contentUrl":"https:\/\/secure.gravatar.com\/avatar\/e7c84d6097b1ee0826b81de04d2a197989923e67cf1c4fac9d1471c6f12bb8fc?s=96&d=identicon&r=g","caption":"Simon de nicola"},"sameAs":["https:\/\/gravatar.com\/thoroughlyyoung9f044228dc"],"url":"https:\/\/life.itu.int\/retraites\/author\/simondenicola\/"}]}},"_links":{"self":[{"href":"https:\/\/life.itu.int\/retraites\/wp-json\/wp\/v2\/posts\/324","targetHints":{"allow":["GET"]}}],"collection":[{"href":"https:\/\/life.itu.int\/retraites\/wp-json\/wp\/v2\/posts"}],"about":[{"href":"https:\/\/life.itu.int\/retraites\/wp-json\/wp\/v2\/types\/post"}],"author":[{"embeddable":true,"href":"https:\/\/life.itu.int\/retraites\/wp-json\/wp\/v2\/users\/15"}],"replies":[{"embeddable":true,"href":"https:\/\/life.itu.int\/retraites\/wp-json\/wp\/v2\/comments?post=324"}],"version-history":[{"count":0,"href":"https:\/\/life.itu.int\/retraites\/wp-json\/wp\/v2\/posts\/324\/revisions"}],"wp:featuredmedia":[{"embeddable":true,"href":"https:\/\/life.itu.int\/retraites\/wp-json\/wp\/v2\/media\/326"}],"wp:attachment":[{"href":"https:\/\/life.itu.int\/retraites\/wp-json\/wp\/v2\/media?parent=324"}],"wp:term":[{"taxonomy":"category","embeddable":true,"href":"https:\/\/life.itu.int\/retraites\/wp-json\/wp\/v2\/categories?post=324"},{"taxonomy":"post_tag","embeddable":true,"href":"https:\/\/life.itu.int\/retraites\/wp-json\/wp\/v2\/tags?post=324"}],"curies":[{"name":"wp","href":"https:\/\/api.w.org\/{rel}","templated":true}]}}