{"id":2353,"date":"2026-04-26T07:00:00","date_gmt":"2026-04-26T07:00:00","guid":{"rendered":"https:\/\/life.itu.int\/retraites\/?p=2353"},"modified":"2026-04-18T09:07:22","modified_gmt":"2026-04-18T09:07:22","slug":"rio-de-janeiro","status":"publish","type":"post","link":"https:\/\/life.itu.int\/retraites\/rio-de-janeiro\/","title":{"rendered":"Rio de Janeiro"},"content":{"rendered":"\n<h3 class=\"wp-block-heading\"><br><strong>Voyage au Br\u00e9sil<\/strong>, 23 f\u00e9vrier &#8211; 3 mars 2026<\/h3>\n\n\n\n<p>Mon choix de d\u00e9couverte s\u2019est port\u00e9 cette fois \u00e0 Rio, une destination dont je r\u00eavais depuis longtemps, mais fortement mise en avant comme dangereuse. C\u2019est avec un groupe et un guide que je rencontrerai \u00e0 mon arriv\u00e9e, que je vais d\u00e9couvrir cette ville connue surtout pour le Christ qui surplombe la baie, le Pain de sucre, les favelas et le carnaval annuel. Mon arriv\u00e9e la semaine suivant la fin du Carnaval \u00e9tait id\u00e9ale pour cette destination. Puis Paraty, ville qui ne se situe qu\u2019\u00e0 4H de voiture de Rio.&nbsp;<\/p>\n\n\n\n<p>Le Br\u00e9sil, d\u00e9couvert en 1500 par des portugais, est grand comme 15 fois la France&nbsp;! Le pays est compos\u00e9 de 26 \u00e9tats avec chacun \u00e0 sa t\u00eate un gouverneur. La premi\u00e8re capitale du pays \u00e9tait Salvador de Bahia, puis Rio de 1763 \u00e0 1960 et depuis c\u2019est Brasilia.&nbsp;<\/p>\n\n\n\n<p>Lors d\u2019une promenade \u00e0 pied de 8km dans le centre historique avec notre guide, notre groupe de 5 personnes a d\u00e9couvert le th\u00e9\u00e2tre op\u00e9ra inaugur\u00e9 en 1909, la Camera Municipal, los sobrados qui sont des maisons anciennes qu\u2019on essaie de restaurer, la cath\u00e9drale de forme sp\u00e9ciale, comme une pyramide de b\u00e9ton. Mais dedans c\u2019est \u00e9trange, inhabituel. Elle fait 190 m de haut et 103 m \u00e0 la base. 5000 places assises et 20&nbsp;000 places debout.&nbsp;&nbsp;<\/p>\n\n\n\n<div class=\"rcp_restricted\"><p style=\"line-height: var(--wp--typography--line-height, var(--global--line-height-body)); color: #28303d; font-family: -apple-system, BlinkMacSystemFont, 'Segoe UI', Roboto, Oxygen-Sans, Ubuntu, Cantarell, 'Helvetica Neue', sans-serif; font-size: 20px;\"><span style=\"color: #28303d; font-family: -apple-system, BlinkMacSystemFont, Segoe UI, Roboto, Oxygen-Sans, Ubuntu, Cantarell, Helvetica Neue, sans-serif;\"><span style=\"font-size: 20px;\">Pour consulter cette page, vous devez \u00eatre enregistr\u00e9 dans le syst\u00e8me et connect\u00e9 avec le bouton Connexion en haut de la page. <\/span><\/span><\/p>\n<p style=\"line-height: var(--wp--typography--line-height, var(--global--line-height-body)); color: #28303d; font-family: -apple-system, BlinkMacSystemFont, 'Segoe UI', Roboto, Oxygen-Sans, Ubuntu, Cantarell, 'Helvetica Neue', sans-serif; font-size: 20px;\"><span style=\"color: #28303d; font-family: -apple-system, BlinkMacSystemFont, Segoe UI, Roboto, Oxygen-Sans, Ubuntu, Cantarell, Helvetica Neue, sans-serif;\"><span style=\"font-size: 20px;\">Certaines pages peuvent rester inaccessibles apr\u00e8s votre connexion, car elles sont encore \u00e0 l'\u00e9tat de projet et n'ont pas encore \u00e9t\u00e9 approuv\u00e9es par le comit\u00e9. <\/span><\/span><span style=\"color: #28303d; font-family: -apple-system, BlinkMacSystemFont, Segoe UI, Roboto, Oxygen-Sans, Ubuntu, Cantarell, Helvetica Neue, sans-serif;\"><span style=\"font-size: 20px;\">De plus amples informations sont disponibles sur la page FAQ.\u00a0<\/span><\/span><\/p>\n<p>---<\/p>\n<p style=\"line-height: var(--wp--typography--line-height, var(--global--line-height-body)); color: #28303d; font-family: -apple-system, BlinkMacSystemFont, 'Segoe UI', Roboto, Oxygen-Sans, Ubuntu, Cantarell, 'Helvetica Neue', sans-serif; font-size: 20px;\"><span style=\"color: #28303d; font-family: -apple-system, BlinkMacSystemFont, Segoe UI, Roboto, Oxygen-Sans, Ubuntu, Cantarell, Helvetica Neue, sans-serif;\"><span style=\"font-size: 20px;\">To view this page, you must be registered in the system and logged in via the button Login at the top of the page. <\/span><\/span><\/p>\n<p style=\"line-height: var(--wp--typography--line-height, var(--global--line-height-body)); color: #28303d; font-family: -apple-system, BlinkMacSystemFont, 'Segoe UI', Roboto, Oxygen-Sans, Ubuntu, Cantarell, 'Helvetica Neue', sans-serif; font-size: 20px;\"><span style=\"color: #28303d; font-family: -apple-system, BlinkMacSystemFont, Segoe UI, Roboto, Oxygen-Sans, Ubuntu, Cantarell, Helvetica Neue, sans-serif;\"><span style=\"font-size: 20px;\">Some pages may remain inaccessible after you have logged in, because they are still in draft form and have not yet been approved by the committee. <\/span><\/span><span style=\"color: #28303d; font-family: -apple-system, BlinkMacSystemFont, Segoe UI, Roboto, Oxygen-Sans, Ubuntu, Cantarell, Helvetica Neue, sans-serif;\"><span style=\"font-size: 20px;\">Further information is available on the FAQ page.<\/span><\/span><\/p>\n<\/div>\n\n\n\n<blockquote class=\"wp-block-quote is-layout-flow wp-block-quote-is-layout-flow\">\n<p>Marianne<\/p>\n<\/blockquote>\n<div class=\"pld-like-dislike-wrap pld-template-1\">\r\n    <div class=\"pld-like-wrap  pld-common-wrap\">\r\n    <a href=\"javascript:void(0)\" class=\"pld-like-trigger pld-like-dislike-trigger  \" title=\"\" data-post-id=\"2353\" data-trigger-type=\"like\" data-restriction=\"no\" data-already-liked=\"0\">\r\n                        <i class=\"fas fa-thumbs-up\"><\/i>\r\n                <\/a>\r\n    <span class=\"pld-like-count-wrap pld-count-wrap\">    <\/span>\r\n<\/div><div class=\"pld-dislike-wrap  pld-common-wrap\">\r\n    <a href=\"javascript:void(0)\" class=\"pld-dislike-trigger pld-like-dislike-trigger  \" title=\"\" data-post-id=\"2353\" data-trigger-type=\"dislike\" data-restriction=\"no\" data-already-liked=\"0\">\r\n                        <i class=\"fas fa-thumbs-down\"><\/i>\r\n                <\/a>\r\n    <span class=\"pld-dislike-count-wrap pld-count-wrap\"><\/span>\r\n<\/div><\/div>","protected":false},"excerpt":{"rendered":"<p>Voyage au Br\u00e9sil, 23 f\u00e9vrier &#8211; 3 mars 2026 Mon choix de d\u00e9couverte s\u2019est port\u00e9 cette fois \u00e0 Rio, une destination dont je r\u00eavais depuis longtemps, mais fortement mise en avant comme dangereuse. C\u2019est avec un groupe et un guide que je rencontrerai \u00e0 mon arriv\u00e9e, que je vais d\u00e9couvrir cette ville connue surtout pour [&hellip;]<\/p>\n","protected":false},"author":15,"featured_media":0,"comment_status":"open","ping_status":"open","sticky":false,"template":"","format":"standard","meta":{"footnotes":""},"categories":[9],"tags":[31,52],"class_list":["post-2353","post","type-post","status-publish","format-standard","hentry","category-loisirs","tag-activites","tag-voyages"],"yoast_head":"<!-- This site is optimized with the Yoast SEO plugin v27.4 - https:\/\/yoast.com\/product\/yoast-seo-wordpress\/ -->\n<title>Rio de Janeiro - Association des anciens fonctionnaires de l\u2019Union Internationale des T\u00e9l\u00e9communications<\/title>\n<meta name=\"description\" content=\"Mon choix de d\u00e9couverte s\u2019est port\u00e9 cette fois \u00e0 Rio, une destination dont je r\u00eavais depuis longtemps, mais fortement mise en avant comme dangereuse. C\u2019est avec un groupe et un guide que je rencontrerai \u00e0 mon arriv\u00e9e, que je vais d\u00e9couvrir cette ville connue surtout pour le Christ qui surplombe la baie, le Pain de sucre, les favelas et le carnaval annuel.\" \/>\n<meta name=\"robots\" content=\"index, follow, max-snippet:-1, max-image-preview:large, max-video-preview:-1\" \/>\n<link rel=\"canonical\" href=\"https:\/\/life.itu.int\/retraites\/rio-de-janeiro\/\" \/>\n<meta property=\"og:locale\" content=\"fr_FR\" \/>\n<meta property=\"og:type\" content=\"article\" \/>\n<meta property=\"og:title\" content=\"Rio de Janeiro - Association des anciens fonctionnaires de l\u2019Union Internationale des T\u00e9l\u00e9communications\" \/>\n<meta property=\"og:description\" content=\"Mon choix de d\u00e9couverte s\u2019est port\u00e9 cette fois \u00e0 Rio, une destination dont je r\u00eavais depuis longtemps, mais fortement mise en avant comme dangereuse. C\u2019est avec un groupe et un guide que je rencontrerai \u00e0 mon arriv\u00e9e, que je vais d\u00e9couvrir cette ville connue surtout pour le Christ qui surplombe la baie, le Pain de sucre, les favelas et le carnaval annuel.\" \/>\n<meta property=\"og:url\" content=\"https:\/\/life.itu.int\/retraites\/rio-de-janeiro\/\" \/>\n<meta property=\"og:site_name\" content=\"Association des anciens fonctionnaires de l\u2019Union Internationale des T\u00e9l\u00e9communications\" \/>\n<meta property=\"article:published_time\" content=\"2026-04-26T07:00:00+00:00\" \/>\n<meta property=\"og:image\" content=\"https:\/\/life.itu.int\/retraites\/wp-content\/uploads\/sites\/15\/2026\/04\/IMG_1027-768x1024.jpeg\" \/>\n<meta name=\"author\" content=\"Simon de nicola\" \/>\n<meta name=\"twitter:card\" content=\"summary_large_image\" \/>\n<meta name=\"twitter:label1\" content=\"\u00c9crit par\" \/>\n\t<meta name=\"twitter:data1\" content=\"Simon de nicola\" \/>\n\t<meta name=\"twitter:label2\" content=\"Dur\u00e9e de lecture estim\u00e9e\" \/>\n\t<meta name=\"twitter:data2\" content=\"17 minutes\" \/>\n<script type=\"application\/ld+json\" class=\"yoast-schema-graph\">{\"@context\":\"https:\\\/\\\/schema.org\",\"@graph\":[{\"@type\":[\"Article\",\"BlogPosting\"],\"@id\":\"https:\\\/\\\/life.itu.int\\\/retraites\\\/rio-de-janeiro\\\/#article\",\"isPartOf\":{\"@id\":\"https:\\\/\\\/life.itu.int\\\/retraites\\\/rio-de-janeiro\\\/\"},\"author\":{\"name\":\"Simon de nicola\",\"@id\":\"https:\\\/\\\/life.itu.int\\\/retraites\\\/#\\\/schema\\\/person\\\/66ff94b3c716781777bcc0cb1694a846\"},\"headline\":\"Rio de Janeiro\",\"datePublished\":\"2026-04-26T07:00:00+00:00\",\"mainEntityOfPage\":{\"@id\":\"https:\\\/\\\/life.itu.int\\\/retraites\\\/rio-de-janeiro\\\/\"},\"wordCount\":2849,\"commentCount\":0,\"publisher\":{\"@id\":\"https:\\\/\\\/life.itu.int\\\/retraites\\\/#organization\"},\"image\":{\"@id\":\"https:\\\/\\\/life.itu.int\\\/retraites\\\/rio-de-janeiro\\\/#primaryimage\"},\"thumbnailUrl\":\"https:\\\/\\\/life.itu.int\\\/retraites\\\/wp-content\\\/uploads\\\/sites\\\/15\\\/2026\\\/04\\\/IMG_1027-768x1024.jpeg\",\"keywords\":[\"activit\u00e9s\",\"voyages\"],\"articleSection\":[\"Loisirs\"],\"inLanguage\":\"fr-FR\",\"potentialAction\":[{\"@type\":\"CommentAction\",\"name\":\"Comment\",\"target\":[\"https:\\\/\\\/life.itu.int\\\/retraites\\\/rio-de-janeiro\\\/#respond\"]}]},{\"@type\":[\"WebPage\",\"ItemPage\"],\"@id\":\"https:\\\/\\\/life.itu.int\\\/retraites\\\/rio-de-janeiro\\\/\",\"url\":\"https:\\\/\\\/life.itu.int\\\/retraites\\\/rio-de-janeiro\\\/\",\"name\":\"Rio de Janeiro - Association des anciens fonctionnaires de l\u2019Union Internationale des T\u00e9l\u00e9communications\",\"isPartOf\":{\"@id\":\"https:\\\/\\\/life.itu.int\\\/retraites\\\/#website\"},\"primaryImageOfPage\":{\"@id\":\"https:\\\/\\\/life.itu.int\\\/retraites\\\/rio-de-janeiro\\\/#primaryimage\"},\"image\":{\"@id\":\"https:\\\/\\\/life.itu.int\\\/retraites\\\/rio-de-janeiro\\\/#primaryimage\"},\"thumbnailUrl\":\"https:\\\/\\\/life.itu.int\\\/retraites\\\/wp-content\\\/uploads\\\/sites\\\/15\\\/2026\\\/04\\\/IMG_1027-768x1024.jpeg\",\"datePublished\":\"2026-04-26T07:00:00+00:00\",\"description\":\"Mon choix de d\u00e9couverte s\u2019est port\u00e9 cette fois \u00e0 Rio, une destination dont je r\u00eavais depuis longtemps, mais fortement mise en avant comme dangereuse. C\u2019est avec un groupe et un guide que je rencontrerai \u00e0 mon arriv\u00e9e, que je vais d\u00e9couvrir cette ville connue surtout pour le Christ qui surplombe la baie, le Pain de sucre, les favelas et le carnaval annuel.\",\"breadcrumb\":{\"@id\":\"https:\\\/\\\/life.itu.int\\\/retraites\\\/rio-de-janeiro\\\/#breadcrumb\"},\"inLanguage\":\"fr-FR\",\"potentialAction\":[{\"@type\":\"ReadAction\",\"target\":[\"https:\\\/\\\/life.itu.int\\\/retraites\\\/rio-de-janeiro\\\/\"]}]},{\"@type\":\"ImageObject\",\"inLanguage\":\"fr-FR\",\"@id\":\"https:\\\/\\\/life.itu.int\\\/retraites\\\/rio-de-janeiro\\\/#primaryimage\",\"url\":\"https:\\\/\\\/life.itu.int\\\/retraites\\\/wp-content\\\/uploads\\\/sites\\\/15\\\/2026\\\/04\\\/IMG_1027-768x1024.jpeg\",\"contentUrl\":\"https:\\\/\\\/life.itu.int\\\/retraites\\\/wp-content\\\/uploads\\\/sites\\\/15\\\/2026\\\/04\\\/IMG_1027-768x1024.jpeg\"},{\"@type\":\"BreadcrumbList\",\"@id\":\"https:\\\/\\\/life.itu.int\\\/retraites\\\/rio-de-janeiro\\\/#breadcrumb\",\"itemListElement\":[{\"@type\":\"ListItem\",\"position\":1,\"name\":\"Accueil\",\"item\":\"https:\\\/\\\/life.itu.int\\\/retraites\\\/\"},{\"@type\":\"ListItem\",\"position\":2,\"name\":\"Rio de Janeiro\"}]},{\"@type\":\"WebSite\",\"@id\":\"https:\\\/\\\/life.itu.int\\\/retraites\\\/#website\",\"url\":\"https:\\\/\\\/life.itu.int\\\/retraites\\\/\",\"name\":\"Association des anciens fonctionnaires de l\u2019Union Internationale des T\u00e9l\u00e9communications\",\"description\":\"Association des anciens fonctionnaires de l&#039;Union Internationale des T\u00e9l\u00e9communications \u2013 Rester en contact\",\"publisher\":{\"@id\":\"https:\\\/\\\/life.itu.int\\\/retraites\\\/#organization\"},\"potentialAction\":[{\"@type\":\"SearchAction\",\"target\":{\"@type\":\"EntryPoint\",\"urlTemplate\":\"https:\\\/\\\/life.itu.int\\\/retraites\\\/?s={search_term_string}\"},\"query-input\":{\"@type\":\"PropertyValueSpecification\",\"valueRequired\":true,\"valueName\":\"search_term_string\"}}],\"inLanguage\":\"fr-FR\"},{\"@type\":\"Organization\",\"@id\":\"https:\\\/\\\/life.itu.int\\\/retraites\\\/#organization\",\"name\":\"Association des anciens fonctionnaires de l\u2019Union Internationale des T\u00e9l\u00e9communications\",\"url\":\"https:\\\/\\\/life.itu.int\\\/retraites\\\/\",\"logo\":{\"@type\":\"ImageObject\",\"inLanguage\":\"fr-FR\",\"@id\":\"https:\\\/\\\/life.itu.int\\\/retraites\\\/#\\\/schema\\\/logo\\\/image\\\/\",\"url\":\"https:\\\/\\\/life.itu.int\\\/retraites\\\/wp-content\\\/uploads\\\/sites\\\/15\\\/2024\\\/11\\\/cropped-Screenshot-2024-11-20-at-08.41.46.png\",\"contentUrl\":\"https:\\\/\\\/life.itu.int\\\/retraites\\\/wp-content\\\/uploads\\\/sites\\\/15\\\/2024\\\/11\\\/cropped-Screenshot-2024-11-20-at-08.41.46.png\",\"width\":512,\"height\":512,\"caption\":\"Association des anciens fonctionnaires de l\u2019Union Internationale des T\u00e9l\u00e9communications\"},\"image\":{\"@id\":\"https:\\\/\\\/life.itu.int\\\/retraites\\\/#\\\/schema\\\/logo\\\/image\\\/\"}},{\"@type\":\"Person\",\"@id\":\"https:\\\/\\\/life.itu.int\\\/retraites\\\/#\\\/schema\\\/person\\\/66ff94b3c716781777bcc0cb1694a846\",\"name\":\"Simon de nicola\",\"image\":{\"@type\":\"ImageObject\",\"inLanguage\":\"fr-FR\",\"@id\":\"https:\\\/\\\/secure.gravatar.com\\\/avatar\\\/e7c84d6097b1ee0826b81de04d2a197989923e67cf1c4fac9d1471c6f12bb8fc?s=96&d=identicon&r=g\",\"url\":\"https:\\\/\\\/secure.gravatar.com\\\/avatar\\\/e7c84d6097b1ee0826b81de04d2a197989923e67cf1c4fac9d1471c6f12bb8fc?s=96&d=identicon&r=g\",\"contentUrl\":\"https:\\\/\\\/secure.gravatar.com\\\/avatar\\\/e7c84d6097b1ee0826b81de04d2a197989923e67cf1c4fac9d1471c6f12bb8fc?s=96&d=identicon&r=g\",\"caption\":\"Simon de nicola\"},\"sameAs\":[\"https:\\\/\\\/gravatar.com\\\/thoroughlyyoung9f044228dc\"],\"url\":\"https:\\\/\\\/life.itu.int\\\/retraites\\\/author\\\/simondenicola\\\/\"}]}<\/script>\n<!-- \/ Yoast SEO plugin. -->","yoast_head_json":{"title":"Rio de Janeiro - Association des anciens fonctionnaires de l\u2019Union Internationale des T\u00e9l\u00e9communications","description":"Mon choix de d\u00e9couverte s\u2019est port\u00e9 cette fois \u00e0 Rio, une destination dont je r\u00eavais depuis longtemps, mais fortement mise en avant comme dangereuse. C\u2019est avec un groupe et un guide que je rencontrerai \u00e0 mon arriv\u00e9e, que je vais d\u00e9couvrir cette ville connue surtout pour le Christ qui surplombe la baie, le Pain de sucre, les favelas et le carnaval annuel.","robots":{"index":"index","follow":"follow","max-snippet":"max-snippet:-1","max-image-preview":"max-image-preview:large","max-video-preview":"max-video-preview:-1"},"canonical":"https:\/\/life.itu.int\/retraites\/rio-de-janeiro\/","og_locale":"fr_FR","og_type":"article","og_title":"Rio de Janeiro - Association des anciens fonctionnaires de l\u2019Union Internationale des T\u00e9l\u00e9communications","og_description":"Mon choix de d\u00e9couverte s\u2019est port\u00e9 cette fois \u00e0 Rio, une destination dont je r\u00eavais depuis longtemps, mais fortement mise en avant comme dangereuse. C\u2019est avec un groupe et un guide que je rencontrerai \u00e0 mon arriv\u00e9e, que je vais d\u00e9couvrir cette ville connue surtout pour le Christ qui surplombe la baie, le Pain de sucre, les favelas et le carnaval annuel.","og_url":"https:\/\/life.itu.int\/retraites\/rio-de-janeiro\/","og_site_name":"Association des anciens fonctionnaires de l\u2019Union Internationale des T\u00e9l\u00e9communications","article_published_time":"2026-04-26T07:00:00+00:00","og_image":[{"url":"https:\/\/life.itu.int\/retraites\/wp-content\/uploads\/sites\/15\/2026\/04\/IMG_1027-768x1024.jpeg","type":"","width":"","height":""}],"author":"Simon de nicola","twitter_card":"summary_large_image","twitter_misc":{"\u00c9crit par":"Simon de nicola","Dur\u00e9e de lecture estim\u00e9e":"17 minutes"},"schema":{"@context":"https:\/\/schema.org","@graph":[{"@type":["Article","BlogPosting"],"@id":"https:\/\/life.itu.int\/retraites\/rio-de-janeiro\/#article","isPartOf":{"@id":"https:\/\/life.itu.int\/retraites\/rio-de-janeiro\/"},"author":{"name":"Simon de nicola","@id":"https:\/\/life.itu.int\/retraites\/#\/schema\/person\/66ff94b3c716781777bcc0cb1694a846"},"headline":"Rio de Janeiro","datePublished":"2026-04-26T07:00:00+00:00","mainEntityOfPage":{"@id":"https:\/\/life.itu.int\/retraites\/rio-de-janeiro\/"},"wordCount":2849,"commentCount":0,"publisher":{"@id":"https:\/\/life.itu.int\/retraites\/#organization"},"image":{"@id":"https:\/\/life.itu.int\/retraites\/rio-de-janeiro\/#primaryimage"},"thumbnailUrl":"https:\/\/life.itu.int\/retraites\/wp-content\/uploads\/sites\/15\/2026\/04\/IMG_1027-768x1024.jpeg","keywords":["activit\u00e9s","voyages"],"articleSection":["Loisirs"],"inLanguage":"fr-FR","potentialAction":[{"@type":"CommentAction","name":"Comment","target":["https:\/\/life.itu.int\/retraites\/rio-de-janeiro\/#respond"]}]},{"@type":["WebPage","ItemPage"],"@id":"https:\/\/life.itu.int\/retraites\/rio-de-janeiro\/","url":"https:\/\/life.itu.int\/retraites\/rio-de-janeiro\/","name":"Rio de Janeiro - Association des anciens fonctionnaires de l\u2019Union Internationale des T\u00e9l\u00e9communications","isPartOf":{"@id":"https:\/\/life.itu.int\/retraites\/#website"},"primaryImageOfPage":{"@id":"https:\/\/life.itu.int\/retraites\/rio-de-janeiro\/#primaryimage"},"image":{"@id":"https:\/\/life.itu.int\/retraites\/rio-de-janeiro\/#primaryimage"},"thumbnailUrl":"https:\/\/life.itu.int\/retraites\/wp-content\/uploads\/sites\/15\/2026\/04\/IMG_1027-768x1024.jpeg","datePublished":"2026-04-26T07:00:00+00:00","description":"Mon choix de d\u00e9couverte s\u2019est port\u00e9 cette fois \u00e0 Rio, une destination dont je r\u00eavais depuis longtemps, mais fortement mise en avant comme dangereuse. C\u2019est avec un groupe et un guide que je rencontrerai \u00e0 mon arriv\u00e9e, que je vais d\u00e9couvrir cette ville connue surtout pour le Christ qui surplombe la baie, le Pain de sucre, les favelas et le carnaval annuel.","breadcrumb":{"@id":"https:\/\/life.itu.int\/retraites\/rio-de-janeiro\/#breadcrumb"},"inLanguage":"fr-FR","potentialAction":[{"@type":"ReadAction","target":["https:\/\/life.itu.int\/retraites\/rio-de-janeiro\/"]}]},{"@type":"ImageObject","inLanguage":"fr-FR","@id":"https:\/\/life.itu.int\/retraites\/rio-de-janeiro\/#primaryimage","url":"https:\/\/life.itu.int\/retraites\/wp-content\/uploads\/sites\/15\/2026\/04\/IMG_1027-768x1024.jpeg","contentUrl":"https:\/\/life.itu.int\/retraites\/wp-content\/uploads\/sites\/15\/2026\/04\/IMG_1027-768x1024.jpeg"},{"@type":"BreadcrumbList","@id":"https:\/\/life.itu.int\/retraites\/rio-de-janeiro\/#breadcrumb","itemListElement":[{"@type":"ListItem","position":1,"name":"Accueil","item":"https:\/\/life.itu.int\/retraites\/"},{"@type":"ListItem","position":2,"name":"Rio de Janeiro"}]},{"@type":"WebSite","@id":"https:\/\/life.itu.int\/retraites\/#website","url":"https:\/\/life.itu.int\/retraites\/","name":"Association des anciens fonctionnaires de l\u2019Union Internationale des T\u00e9l\u00e9communications","description":"Association des anciens fonctionnaires de l&#039;Union Internationale des T\u00e9l\u00e9communications \u2013 Rester en contact","publisher":{"@id":"https:\/\/life.itu.int\/retraites\/#organization"},"potentialAction":[{"@type":"SearchAction","target":{"@type":"EntryPoint","urlTemplate":"https:\/\/life.itu.int\/retraites\/?s={search_term_string}"},"query-input":{"@type":"PropertyValueSpecification","valueRequired":true,"valueName":"search_term_string"}}],"inLanguage":"fr-FR"},{"@type":"Organization","@id":"https:\/\/life.itu.int\/retraites\/#organization","name":"Association des anciens fonctionnaires de l\u2019Union Internationale des T\u00e9l\u00e9communications","url":"https:\/\/life.itu.int\/retraites\/","logo":{"@type":"ImageObject","inLanguage":"fr-FR","@id":"https:\/\/life.itu.int\/retraites\/#\/schema\/logo\/image\/","url":"https:\/\/life.itu.int\/retraites\/wp-content\/uploads\/sites\/15\/2024\/11\/cropped-Screenshot-2024-11-20-at-08.41.46.png","contentUrl":"https:\/\/life.itu.int\/retraites\/wp-content\/uploads\/sites\/15\/2024\/11\/cropped-Screenshot-2024-11-20-at-08.41.46.png","width":512,"height":512,"caption":"Association des anciens fonctionnaires de l\u2019Union Internationale des T\u00e9l\u00e9communications"},"image":{"@id":"https:\/\/life.itu.int\/retraites\/#\/schema\/logo\/image\/"}},{"@type":"Person","@id":"https:\/\/life.itu.int\/retraites\/#\/schema\/person\/66ff94b3c716781777bcc0cb1694a846","name":"Simon de nicola","image":{"@type":"ImageObject","inLanguage":"fr-FR","@id":"https:\/\/secure.gravatar.com\/avatar\/e7c84d6097b1ee0826b81de04d2a197989923e67cf1c4fac9d1471c6f12bb8fc?s=96&d=identicon&r=g","url":"https:\/\/secure.gravatar.com\/avatar\/e7c84d6097b1ee0826b81de04d2a197989923e67cf1c4fac9d1471c6f12bb8fc?s=96&d=identicon&r=g","contentUrl":"https:\/\/secure.gravatar.com\/avatar\/e7c84d6097b1ee0826b81de04d2a197989923e67cf1c4fac9d1471c6f12bb8fc?s=96&d=identicon&r=g","caption":"Simon de nicola"},"sameAs":["https:\/\/gravatar.com\/thoroughlyyoung9f044228dc"],"url":"https:\/\/life.itu.int\/retraites\/author\/simondenicola\/"}]}},"_links":{"self":[{"href":"https:\/\/life.itu.int\/retraites\/wp-json\/wp\/v2\/posts\/2353","targetHints":{"allow":["GET"]}}],"collection":[{"href":"https:\/\/life.itu.int\/retraites\/wp-json\/wp\/v2\/posts"}],"about":[{"href":"https:\/\/life.itu.int\/retraites\/wp-json\/wp\/v2\/types\/post"}],"author":[{"embeddable":true,"href":"https:\/\/life.itu.int\/retraites\/wp-json\/wp\/v2\/users\/15"}],"replies":[{"embeddable":true,"href":"https:\/\/life.itu.int\/retraites\/wp-json\/wp\/v2\/comments?post=2353"}],"version-history":[{"count":0,"href":"https:\/\/life.itu.int\/retraites\/wp-json\/wp\/v2\/posts\/2353\/revisions"}],"wp:attachment":[{"href":"https:\/\/life.itu.int\/retraites\/wp-json\/wp\/v2\/media?parent=2353"}],"wp:term":[{"taxonomy":"category","embeddable":true,"href":"https:\/\/life.itu.int\/retraites\/wp-json\/wp\/v2\/categories?post=2353"},{"taxonomy":"post_tag","embeddable":true,"href":"https:\/\/life.itu.int\/retraites\/wp-json\/wp\/v2\/tags?post=2353"}],"curies":[{"name":"wp","href":"https:\/\/api.w.org\/{rel}","templated":true}]}}